{"id":1181,"date":"2018-09-24T16:27:59","date_gmt":"2018-09-24T14:27:59","guid":{"rendered":"http:\/\/www.memoiresecondaire.fr\/?p=1181"},"modified":"2018-09-25T11:53:28","modified_gmt":"2018-09-25T09:53:28","slug":"voyage-en-ouzbekistan-pt-5-et-fin","status":"publish","type":"post","link":"https:\/\/www.memoiresecondaire.fr\/?p=1181","title":{"rendered":"Voyage en Ouzb\u00e9kistan (pt. 5 et fin)"},"content":{"rendered":"\n<p>Nous arrivons enfin au terme de notre voyage. Samarcande est la ville la plus moderne que j&rsquo;ai vu (hors Tashkent) depuis le d\u00e9but du s\u00e9jour. L&rsquo;h\u00f4tel est grand, propre, avec une piscine. Je ne vais pas y rester longtemps mais j&rsquo;appr\u00e9cie.<\/p>\n\n\n\n<p>Nous arrivons le soir et notre chauffeur nous laisse apr\u00e8s nous avoir indiqu\u00e9s des restaurants non loin. V\u00e9g\u00e9tarien ? Nope, toujours pas.<\/p>\n\n\n\n<p>Le long de la rue principale, les restaurants de poulet alternent avec les magasins de mariage. Plein de magasins de mariage. PLEIN ! Et plein de de poulet aussi mais \u00e7a n&rsquo;a pas de rapport. En Ouzb\u00e9kistan, le mariage c&rsquo;est le sport national. Partout o\u00f9 nous avons \u00e9t\u00e9, on nous a demand\u00e9 si Milena et moi \u00e9tions mari\u00e9s, et vu que ce n&rsquo;est pas le cas, incompr\u00e9hension totale de l&rsquo;interlocuteur. Elle est jeune, belle, c&rsquo;est pas normal. Il y a une grosse pression sur les jeunes, et c&rsquo;est plut\u00f4t compliqu\u00e9 de vivre&#8230;\u00e0 l&rsquo;occidentale. <\/p>\n\n\n\n<p>Restau de poulet, mais il y avait quand m\u00eame des salades servies par un autre serveur tr\u00e8s gentil, lui aussi pr\u00e9nomm\u00e9 Sardor. \u00c7a \u00e0 l&rsquo;air plut\u00f4t commun. Des cartes en Ouzbek et en Russe, parfois en Ouzbek \u00e9crit en cyrillique, autant dire que tout seul, je mourais de faim. Bon, par contre, encore une fois c&rsquo;\u00e9tait d\u00e9licieux et pas cher.<\/p>\n\n\n\n<p>Il y a toute une partie de la ville que j&rsquo;ai trouv\u00e9 magnifique, avec une architecture qui me plaisait \u00e9norm\u00e9ment. \u00c9videmment, j&rsquo;appris aussit\u00f4t qu&rsquo;il s&rsquo;agissait de l\u2019\u0153uvre d&rsquo;architecte fran\u00e7ais. Bravo le touriste&#8230;<\/p>\n\n\n\n<p>Le lendemain, la visite principale fut le tombeau d&rsquo;Amir Timur (ou <a href=\"https:\/\/fr.wikipedia.org\/wiki\/Tamerlan\">Tamerlan<\/a>). Pas mal de faits et de l\u00e9gendes autour du personnage de ce conqu\u00e9rant qui a v\u00e9cu pr\u00e8s de 70 ans et \u00e0 fait la guerre \u00e0 tous ses potes autour, mongols, indiens, arabes et j&rsquo;en passe. <\/p>\n\n\n\n<figure class=\"wp-block-image\"><img loading=\"lazy\" decoding=\"async\" width=\"2447\" height=\"3264\" src=\"https:\/\/www.memoiresecondaire.fr\/wp-content\/uploads\/2018\/09\/180813093035-1.jpg\" alt=\"\" class=\"wp-image-1183\" srcset=\"https:\/\/www.memoiresecondaire.fr\/wp-content\/uploads\/2018\/09\/180813093035-1.jpg 2447w, https:\/\/www.memoiresecondaire.fr\/wp-content\/uploads\/2018\/09\/180813093035-1-225x300.jpg 225w, https:\/\/www.memoiresecondaire.fr\/wp-content\/uploads\/2018\/09\/180813093035-1-768x1024.jpg 768w\" sizes=\"auto, (max-width: 2447px) 100vw, 2447px\" \/><\/figure>\n\n\n\n<p>En Inde, il se serait confront\u00e9 \u00e0 des \u00e9l\u00e9phants de guerre qu&rsquo;il aurait r\u00e9ussi \u00e0 retourner contre ses maitres en les effrayant \u00e0 l&rsquo;aide de chameaux dont il aurait fourr\u00e9 l&rsquo;arri\u00e8re-train avec de la paille enflamm\u00e9e. <\/p>\n\n\n\n<p>Il voulait une s\u00e9pulture simple avec une seule pierre. R\u00e9sultat, on a \u00e9t\u00e9 cherch\u00e9 le plus gros morceaux de jade du monde pour en faire sa tombe. <\/p>\n\n\n\n<ul class=\"wp-block-gallery columns-2 is-cropped wp-block-gallery-1 is-layout-flex wp-block-gallery-is-layout-flex\"><li class=\"blocks-gallery-item\"><figure><img loading=\"lazy\" decoding=\"async\" width=\"3264\" height=\"2448\" src=\"http:\/\/www.memoiresecondaire.fr\/wp-content\/uploads\/2018\/09\/20180813_103535.jpg\" alt=\"\" data-id=\"1188\" data-link=\"http:\/\/www.memoiresecondaire.fr\/?attachment_id=1188\" class=\"wp-image-1188\" srcset=\"https:\/\/www.memoiresecondaire.fr\/wp-content\/uploads\/2018\/09\/20180813_103535.jpg 3264w, https:\/\/www.memoiresecondaire.fr\/wp-content\/uploads\/2018\/09\/20180813_103535-300x225.jpg 300w, https:\/\/www.memoiresecondaire.fr\/wp-content\/uploads\/2018\/09\/20180813_103535-768x576.jpg 768w, https:\/\/www.memoiresecondaire.fr\/wp-content\/uploads\/2018\/09\/20180813_103535-1024x768.jpg 1024w\" sizes=\"auto, (max-width: 3264px) 100vw, 3264px\" \/><\/figure><\/li><li class=\"blocks-gallery-item\"><figure><img loading=\"lazy\" decoding=\"async\" width=\"3264\" height=\"2448\" src=\"http:\/\/www.memoiresecondaire.fr\/wp-content\/uploads\/2018\/09\/20180813_103556.jpg\" alt=\"\" data-id=\"1189\" data-link=\"http:\/\/www.memoiresecondaire.fr\/?attachment_id=1189\" class=\"wp-image-1189\" srcset=\"https:\/\/www.memoiresecondaire.fr\/wp-content\/uploads\/2018\/09\/20180813_103556.jpg 3264w, https:\/\/www.memoiresecondaire.fr\/wp-content\/uploads\/2018\/09\/20180813_103556-300x225.jpg 300w, https:\/\/www.memoiresecondaire.fr\/wp-content\/uploads\/2018\/09\/20180813_103556-768x576.jpg 768w, https:\/\/www.memoiresecondaire.fr\/wp-content\/uploads\/2018\/09\/20180813_103556-1024x768.jpg 1024w\" sizes=\"auto, (max-width: 3264px) 100vw, 3264px\" \/><\/figure><\/li><li class=\"blocks-gallery-item\"><figure><img loading=\"lazy\" decoding=\"async\" width=\"3264\" height=\"2448\" src=\"http:\/\/www.memoiresecondaire.fr\/wp-content\/uploads\/2018\/09\/20180813_103606.jpg\" alt=\"\" data-id=\"1187\" data-link=\"http:\/\/www.memoiresecondaire.fr\/?attachment_id=1187\" class=\"wp-image-1187\" srcset=\"https:\/\/www.memoiresecondaire.fr\/wp-content\/uploads\/2018\/09\/20180813_103606.jpg 3264w, https:\/\/www.memoiresecondaire.fr\/wp-content\/uploads\/2018\/09\/20180813_103606-300x225.jpg 300w, https:\/\/www.memoiresecondaire.fr\/wp-content\/uploads\/2018\/09\/20180813_103606-768x576.jpg 768w, https:\/\/www.memoiresecondaire.fr\/wp-content\/uploads\/2018\/09\/20180813_103606-1024x768.jpg 1024w\" sizes=\"auto, (max-width: 3264px) 100vw, 3264px\" \/><\/figure><\/li><\/ul>\n\n\n\n<p>On dit aussi qu&rsquo;il est maudit. Au 20\u00e8me si\u00e8cle, des arch\u00e9ologues ont ouvert sa tombe et par la suite, plusieurs sont morts myst\u00e9rieusement. Indy sta\u00efle. Staline a essay\u00e9 de se servir de sa l\u00e9gende et a d\u00e9plac\u00e9 son corps. Peu de temps apr\u00e8s la guerre \u00e9clata. Y voyant un mauvais pr\u00e9sage, il d\u00e9cida de remettre le corps \u00e0 sa place et de le faire b\u00e9nir par un imam. <\/p>\n\n\n\n<p>Pr\u00e8s de son tombeau, on trouva un \u00e9l\u00e9ment \u00e9trange, un chalice de pierre dont on ne connait pas vraiment l&rsquo;utilit\u00e9. Le guide nous a racont\u00e9 deux possibilit\u00e9s. <\/p>\n\n\n\n<figure class=\"wp-block-image\"><img loading=\"lazy\" decoding=\"async\" width=\"3264\" height=\"2448\" src=\"https:\/\/www.memoiresecondaire.fr\/wp-content\/uploads\/2018\/09\/180813095145.jpg\" alt=\"\" class=\"wp-image-1184\" srcset=\"https:\/\/www.memoiresecondaire.fr\/wp-content\/uploads\/2018\/09\/180813095145.jpg 3264w, https:\/\/www.memoiresecondaire.fr\/wp-content\/uploads\/2018\/09\/180813095145-300x225.jpg 300w, https:\/\/www.memoiresecondaire.fr\/wp-content\/uploads\/2018\/09\/180813095145-768x576.jpg 768w, https:\/\/www.memoiresecondaire.fr\/wp-content\/uploads\/2018\/09\/180813095145-1024x768.jpg 1024w\" sizes=\"auto, (max-width: 3264px) 100vw, 3264px\" \/><\/figure>\n\n\n\n<p>Dans la premi\u00e8re, on y mettait des baies dans la vasque et on pr\u00e9parait une sorte de potion dont chaque guerrier de son arm\u00e9e devait s&rsquo;abreuver pour acqu\u00e9rir de la force. Un Asterix asiatique dis donc. <\/p>\n\n\n\n<p>Dans la seconde, plus cr\u00e9dible, chaque homme devait venir jeter un petit objet, une pierre ou autre avant d&rsquo;aller guerroyer. Au retour, chaque homme reprenait un objet, le nombre restant indiquant le nombre d&rsquo;homme tu\u00e9 pendant la campagne. <\/p>\n\n\n\n<p>Nous quittons le tombeau pour rejoindre un des endroits les plus touristiques d&rsquo;Ouzb\u00e9kistan, la place du Registan. Refaites de nombreuses fois par les autorit\u00e9s, aujourd&rsquo;hui c&rsquo;est devenu un endroit \u00e0 visiter absolument. R\u00e9guli\u00e8rement, le lieu est transform\u00e9 en place de spectacle et de nombreux sons et lumi\u00e8res y sont projet\u00e9s pour les touristes. C&rsquo;est absolument magnifique<\/p>\n\n\n\n<figure class=\"wp-block-image\"><img loading=\"lazy\" decoding=\"async\" width=\"3264\" height=\"2448\" src=\"https:\/\/www.memoiresecondaire.fr\/wp-content\/uploads\/2018\/09\/180813110012.jpg\" alt=\"\" class=\"wp-image-1185\" srcset=\"https:\/\/www.memoiresecondaire.fr\/wp-content\/uploads\/2018\/09\/180813110012.jpg 3264w, https:\/\/www.memoiresecondaire.fr\/wp-content\/uploads\/2018\/09\/180813110012-300x225.jpg 300w, https:\/\/www.memoiresecondaire.fr\/wp-content\/uploads\/2018\/09\/180813110012-768x576.jpg 768w, https:\/\/www.memoiresecondaire.fr\/wp-content\/uploads\/2018\/09\/180813110012-1024x768.jpg 1024w\" sizes=\"auto, (max-width: 3264px) 100vw, 3264px\" \/><\/figure>\n\n\n\n<figure class=\"wp-block-image\"><img loading=\"lazy\" decoding=\"async\" width=\"3264\" height=\"2448\" src=\"https:\/\/www.memoiresecondaire.fr\/wp-content\/uploads\/2018\/09\/180813110428.jpg\" alt=\"\" class=\"wp-image-1186\" srcset=\"https:\/\/www.memoiresecondaire.fr\/wp-content\/uploads\/2018\/09\/180813110428.jpg 3264w, https:\/\/www.memoiresecondaire.fr\/wp-content\/uploads\/2018\/09\/180813110428-300x225.jpg 300w, https:\/\/www.memoiresecondaire.fr\/wp-content\/uploads\/2018\/09\/180813110428-768x576.jpg 768w, https:\/\/www.memoiresecondaire.fr\/wp-content\/uploads\/2018\/09\/180813110428-1024x768.jpg 1024w\" sizes=\"auto, (max-width: 3264px) 100vw, 3264px\" \/><\/figure>\n\n\n\n<p>Les motifs sur les murs ne sont pas de simples motifs g\u00e9om\u00e9triques. Il s&rsquo;agit d&rsquo;inscriptions en Arabe en \u00e9criture g\u00e9om\u00e9trique. On peut y lire des versets du Coran, mais le plus souvent c&rsquo;est \u00ab\u00a0Allah Ouakbar\u00a0\u00bb.<\/p>\n\n\n\n<figure class=\"wp-block-image\"><img loading=\"lazy\" decoding=\"async\" width=\"970\" height=\"974\" src=\"https:\/\/www.memoiresecondaire.fr\/wp-content\/uploads\/2018\/09\/DSC02804.jpg\" alt=\"\" class=\"wp-image-1190\" srcset=\"https:\/\/www.memoiresecondaire.fr\/wp-content\/uploads\/2018\/09\/DSC02804.jpg 970w, https:\/\/www.memoiresecondaire.fr\/wp-content\/uploads\/2018\/09\/DSC02804-150x150.jpg 150w, https:\/\/www.memoiresecondaire.fr\/wp-content\/uploads\/2018\/09\/DSC02804-300x300.jpg 300w, https:\/\/www.memoiresecondaire.fr\/wp-content\/uploads\/2018\/09\/DSC02804-768x771.jpg 768w\" sizes=\"auto, (max-width: 970px) 100vw, 970px\" \/><\/figure>\n\n\n\n<p>Nous quittons la place pour une balade dans des endroits un peu plus \u00e9loign\u00e9s. <\/p>\n\n\n\n<p>Nous faisons halte dans un restaurant divis\u00e9 en trois. Une premi\u00e8re partie \u00e0 l&rsquo;\u00e9tage est plut\u00f4t pour les russes. Les cartes sont en russe, les serveurs parlent russes, on peut y fumer et tout est fait pour leur confort.<\/p>\n\n\n\n<p>En bas, c&rsquo;est la salle Ouzbek, on n&rsquo;a pas le droit du fumer. Enfin \u00e0 l&rsquo;ext\u00e9rieur, le jardin peut accueillir qui le souhaite dans une ambiance tranquille, limite champ\u00eatre. Nous sommes entour\u00e9s d&rsquo;arbres fruitiers, tout est beau et bon, c&rsquo;est un peu le paradis. Comme d&rsquo;habitude, il faut quelqu&rsquo;un pour nous guider. Nous n&rsquo;aurions pas trouv\u00e9 sans \u00e7a. <br\/><\/p>\n\n\n\n<figure class=\"wp-block-image\"><img loading=\"lazy\" decoding=\"async\" width=\"4028\" height=\"3008\" src=\"https:\/\/www.memoiresecondaire.fr\/wp-content\/uploads\/2018\/09\/DSC02811.jpg\" alt=\"\" class=\"wp-image-1191\" srcset=\"https:\/\/www.memoiresecondaire.fr\/wp-content\/uploads\/2018\/09\/DSC02811.jpg 4028w, https:\/\/www.memoiresecondaire.fr\/wp-content\/uploads\/2018\/09\/DSC02811-300x224.jpg 300w, https:\/\/www.memoiresecondaire.fr\/wp-content\/uploads\/2018\/09\/DSC02811-768x574.jpg 768w, https:\/\/www.memoiresecondaire.fr\/wp-content\/uploads\/2018\/09\/DSC02811-1024x765.jpg 1024w\" sizes=\"auto, (max-width: 4028px) 100vw, 4028px\" \/><\/figure>\n\n\n\n<p>Pour l&rsquo;avant-derni\u00e8re visite, nous allons voir un pupitre de pierre, ayant servi \u00e0 soutenir le plus ancien Coran jamais retrouv\u00e9. On dit que ce pupitre poss\u00e8de des vertus magiques. Il permet notamment \u00e0 toute femme infertile qui passe \u00e0 quatre pattes sous ses arches de pouvoir enfanter dans l&rsquo;ann\u00e9e. <\/p>\n\n\n\n<ul class=\"wp-block-gallery columns-2 is-cropped wp-block-gallery-2 is-layout-flex wp-block-gallery-is-layout-flex\"><li class=\"blocks-gallery-item\"><figure><img loading=\"lazy\" decoding=\"async\" width=\"4320\" height=\"3240\" src=\"https:\/\/www.memoiresecondaire.fr\/wp-content\/uploads\/2018\/09\/DSC02820.jpg\" alt=\"\" data-id=\"1193\" data-link=\"https:\/\/www.memoiresecondaire.fr\/?attachment_id=1193\" class=\"wp-image-1193\" srcset=\"https:\/\/www.memoiresecondaire.fr\/wp-content\/uploads\/2018\/09\/DSC02820.jpg 4320w, https:\/\/www.memoiresecondaire.fr\/wp-content\/uploads\/2018\/09\/DSC02820-300x225.jpg 300w, https:\/\/www.memoiresecondaire.fr\/wp-content\/uploads\/2018\/09\/DSC02820-768x576.jpg 768w, https:\/\/www.memoiresecondaire.fr\/wp-content\/uploads\/2018\/09\/DSC02820-1024x768.jpg 1024w\" sizes=\"auto, (max-width: 4320px) 100vw, 4320px\" \/><\/figure><\/li><li class=\"blocks-gallery-item\"><figure><img loading=\"lazy\" decoding=\"async\" width=\"4320\" height=\"3240\" src=\"https:\/\/www.memoiresecondaire.fr\/wp-content\/uploads\/2018\/09\/DSC02821.jpg\" alt=\"\" data-id=\"1192\" data-link=\"https:\/\/www.memoiresecondaire.fr\/?attachment_id=1192\" class=\"wp-image-1192\" srcset=\"https:\/\/www.memoiresecondaire.fr\/wp-content\/uploads\/2018\/09\/DSC02821.jpg 4320w, https:\/\/www.memoiresecondaire.fr\/wp-content\/uploads\/2018\/09\/DSC02821-300x225.jpg 300w, https:\/\/www.memoiresecondaire.fr\/wp-content\/uploads\/2018\/09\/DSC02821-768x576.jpg 768w, https:\/\/www.memoiresecondaire.fr\/wp-content\/uploads\/2018\/09\/DSC02821-1024x768.jpg 1024w\" sizes=\"auto, (max-width: 4320px) 100vw, 4320px\" \/><\/figure><\/li><\/ul>\n\n\n\n<p>Enfin nous finissons notre journ\u00e9e dans une fabrique de papier de soie. Un papier extr\u00eamement r\u00e9sistant qu&rsquo;il est possible de fa\u00e7onner en sac, en v\u00eatements, en masque, en poup\u00e9e, ou en tout autre objet du quotidien (en plus de pouvoir \u00e9crire dessus et d&rsquo;en faire des enveloppes bien s\u00fbr).<\/p>\n\n\n\n<p>Le bois de murier est r\u00e9colt\u00e9, son \u00e9corce est retir\u00e9e, gratt\u00e9e puis bouillie. On \u00e9crase ensuite les fibres \u00e0 l&rsquo;aide d&rsquo;un gros mandrin en bois puis on plonge le r\u00e9sultat dans un bain pour le laver. Pour faire des feuilles, on utilise un cadre en bois avec une sorte de passoire, on fa\u00e7onne la feuille puis on la fait s\u00e9cher. En \u00e9t\u00e9, \u00e0 50 degr\u00e9s, la feuille s\u00e8che en quelques heures. Enfin, elle est polie \u00e0 l&rsquo;aide d&rsquo;une pierre.<\/p>\n\n\n\n<ul class=\"wp-block-gallery columns-3 is-cropped wp-block-gallery-3 is-layout-flex wp-block-gallery-is-layout-flex\"><li class=\"blocks-gallery-item\"><figure><img loading=\"lazy\" decoding=\"async\" width=\"3240\" height=\"4320\" src=\"http:\/\/www.memoiresecondaire.fr\/wp-content\/uploads\/2018\/09\/DSC02843-e1537798536245.jpg\" alt=\"\" data-id=\"1200\" data-link=\"http:\/\/www.memoiresecondaire.fr\/?attachment_id=1200\" class=\"wp-image-1200\" srcset=\"https:\/\/www.memoiresecondaire.fr\/wp-content\/uploads\/2018\/09\/DSC02843-e1537798536245.jpg 3240w, https:\/\/www.memoiresecondaire.fr\/wp-content\/uploads\/2018\/09\/DSC02843-e1537798536245-225x300.jpg 225w, https:\/\/www.memoiresecondaire.fr\/wp-content\/uploads\/2018\/09\/DSC02843-e1537798536245-768x1024.jpg 768w\" sizes=\"auto, (max-width: 3240px) 100vw, 3240px\" \/><\/figure><\/li><li class=\"blocks-gallery-item\"><figure><img loading=\"lazy\" decoding=\"async\" width=\"4320\" height=\"3240\" src=\"http:\/\/www.memoiresecondaire.fr\/wp-content\/uploads\/2018\/09\/DSC02849.jpg\" alt=\"\" data-id=\"1199\" data-link=\"http:\/\/www.memoiresecondaire.fr\/?attachment_id=1199\" class=\"wp-image-1199\" srcset=\"https:\/\/www.memoiresecondaire.fr\/wp-content\/uploads\/2018\/09\/DSC02849.jpg 4320w, https:\/\/www.memoiresecondaire.fr\/wp-content\/uploads\/2018\/09\/DSC02849-300x225.jpg 300w, https:\/\/www.memoiresecondaire.fr\/wp-content\/uploads\/2018\/09\/DSC02849-768x576.jpg 768w, https:\/\/www.memoiresecondaire.fr\/wp-content\/uploads\/2018\/09\/DSC02849-1024x768.jpg 1024w\" sizes=\"auto, (max-width: 4320px) 100vw, 4320px\" \/><\/figure><\/li><li class=\"blocks-gallery-item\"><figure><img loading=\"lazy\" decoding=\"async\" width=\"4320\" height=\"3240\" src=\"http:\/\/www.memoiresecondaire.fr\/wp-content\/uploads\/2018\/09\/DSC02846.jpg\" alt=\"\" data-id=\"1194\" data-link=\"http:\/\/www.memoiresecondaire.fr\/?attachment_id=1194\" class=\"wp-image-1194\" srcset=\"https:\/\/www.memoiresecondaire.fr\/wp-content\/uploads\/2018\/09\/DSC02846.jpg 4320w, https:\/\/www.memoiresecondaire.fr\/wp-content\/uploads\/2018\/09\/DSC02846-300x225.jpg 300w, https:\/\/www.memoiresecondaire.fr\/wp-content\/uploads\/2018\/09\/DSC02846-768x576.jpg 768w, https:\/\/www.memoiresecondaire.fr\/wp-content\/uploads\/2018\/09\/DSC02846-1024x768.jpg 1024w\" sizes=\"auto, (max-width: 4320px) 100vw, 4320px\" \/><\/figure><\/li><li class=\"blocks-gallery-item\"><figure><img loading=\"lazy\" decoding=\"async\" width=\"4320\" height=\"3240\" src=\"http:\/\/www.memoiresecondaire.fr\/wp-content\/uploads\/2018\/09\/DSC02853.jpg\" alt=\"\" data-id=\"1197\" data-link=\"http:\/\/www.memoiresecondaire.fr\/?attachment_id=1197\" class=\"wp-image-1197\" srcset=\"https:\/\/www.memoiresecondaire.fr\/wp-content\/uploads\/2018\/09\/DSC02853.jpg 4320w, https:\/\/www.memoiresecondaire.fr\/wp-content\/uploads\/2018\/09\/DSC02853-300x225.jpg 300w, https:\/\/www.memoiresecondaire.fr\/wp-content\/uploads\/2018\/09\/DSC02853-768x576.jpg 768w, https:\/\/www.memoiresecondaire.fr\/wp-content\/uploads\/2018\/09\/DSC02853-1024x768.jpg 1024w\" sizes=\"auto, (max-width: 4320px) 100vw, 4320px\" \/><\/figure><\/li><li class=\"blocks-gallery-item\"><figure><img loading=\"lazy\" decoding=\"async\" width=\"3240\" height=\"4320\" src=\"http:\/\/www.memoiresecondaire.fr\/wp-content\/uploads\/2018\/09\/DSC02860-e1537798480517.jpg\" alt=\"\" data-id=\"1198\" data-link=\"http:\/\/www.memoiresecondaire.fr\/?attachment_id=1198\" class=\"wp-image-1198\" srcset=\"https:\/\/www.memoiresecondaire.fr\/wp-content\/uploads\/2018\/09\/DSC02860-e1537798480517.jpg 3240w, https:\/\/www.memoiresecondaire.fr\/wp-content\/uploads\/2018\/09\/DSC02860-e1537798480517-225x300.jpg 225w, https:\/\/www.memoiresecondaire.fr\/wp-content\/uploads\/2018\/09\/DSC02860-e1537798480517-768x1024.jpg 768w\" sizes=\"auto, (max-width: 3240px) 100vw, 3240px\" \/><\/figure><\/li><li class=\"blocks-gallery-item\"><figure><img loading=\"lazy\" decoding=\"async\" width=\"4320\" height=\"3240\" src=\"http:\/\/www.memoiresecondaire.fr\/wp-content\/uploads\/2018\/09\/DSC02861.jpg\" alt=\"\" data-id=\"1195\" data-link=\"http:\/\/www.memoiresecondaire.fr\/?attachment_id=1195\" class=\"wp-image-1195\" srcset=\"https:\/\/www.memoiresecondaire.fr\/wp-content\/uploads\/2018\/09\/DSC02861.jpg 4320w, https:\/\/www.memoiresecondaire.fr\/wp-content\/uploads\/2018\/09\/DSC02861-300x225.jpg 300w, https:\/\/www.memoiresecondaire.fr\/wp-content\/uploads\/2018\/09\/DSC02861-768x576.jpg 768w, https:\/\/www.memoiresecondaire.fr\/wp-content\/uploads\/2018\/09\/DSC02861-1024x768.jpg 1024w\" sizes=\"auto, (max-width: 4320px) 100vw, 4320px\" \/><\/figure><\/li><\/ul>\n\n\n\n<p>Le temps de boire un th\u00e9 nous repartons pour Tashkent gr\u00e2ce au TGV local appel\u00e9 Afrosyab. C&rsquo;est la fin de notre tour du pays. <\/p>\n\n\n\n<figure class=\"wp-block-image\"><img loading=\"lazy\" decoding=\"async\" width=\"2560\" height=\"1536\" src=\"https:\/\/www.memoiresecondaire.fr\/wp-content\/uploads\/2018\/09\/20180813_191624.jpg\" alt=\"\" class=\"wp-image-1203\" srcset=\"https:\/\/www.memoiresecondaire.fr\/wp-content\/uploads\/2018\/09\/20180813_191624.jpg 2560w, https:\/\/www.memoiresecondaire.fr\/wp-content\/uploads\/2018\/09\/20180813_191624-300x180.jpg 300w, https:\/\/www.memoiresecondaire.fr\/wp-content\/uploads\/2018\/09\/20180813_191624-768x461.jpg 768w, https:\/\/www.memoiresecondaire.fr\/wp-content\/uploads\/2018\/09\/20180813_191624-1024x614.jpg 1024w\" sizes=\"auto, (max-width: 2560px) 100vw, 2560px\" \/><\/figure>\n\n\n\n<p>Les quelques jours qui restent, nous nous baladons un peu dans la ville mais nous restons principalement \u00e0 la maison, en famille. Le soir c&rsquo;est past\u00e8que et vodka pr\u00e8s de la piscine, discussions enflamm\u00e9es que j&rsquo;arrive de plus en plus \u00e0 suivre gr\u00e2ce aux quelques mots appris durant ces quinze jours, et beaucoup de sourire et de bonheur. <\/p>\n\n\n\n<p>Merci \u00e9norm\u00e9ment Milena pour ces vacances incroyables et merci \u00e0 toute la famille (qui me lit) et <a href=\"https:\/\/www.memoiresecondaire.fr\/?p=1097\">dont j&rsquo;ai tir\u00e9 les portraits<\/a> pour ne pas oublier qu&rsquo;elles m&rsquo;ont accueillie comme un de leur membres. <\/p>\n\n\n\n<p>Je reviendrai \ud83d\ude42<\/p>\n","protected":false},"excerpt":{"rendered":"<p>Nous arrivons enfin au terme de notre voyage. Samarcande est la ville la plus moderne que j&rsquo;ai vu (hors Tashkent) depuis le d\u00e9but du s\u00e9jour. L&rsquo;h\u00f4tel est grand, propre, avec une piscine. Je ne vais pas y rester longtemps mais j&rsquo;appr\u00e9cie. Nous arrivons le soir et notre chauffeur nous laisse apr\u00e8s nous avoir indiqu\u00e9s des [&hellip;]<\/p>\n","protected":false},"author":1,"featured_media":0,"comment_status":"open","ping_status":"open","sticky":false,"template":"","format":"standard","meta":{"footnotes":""},"categories":[53],"tags":[],"class_list":["post-1181","post","type-post","status-publish","format-standard","hentry","category-egotrip"],"_links":{"self":[{"href":"https:\/\/www.memoiresecondaire.fr\/index.php?rest_route=\/wp\/v2\/posts\/1181","targetHints":{"allow":["GET"]}}],"collection":[{"href":"https:\/\/www.memoiresecondaire.fr\/index.php?rest_route=\/wp\/v2\/posts"}],"about":[{"href":"https:\/\/www.memoiresecondaire.fr\/index.php?rest_route=\/wp\/v2\/types\/post"}],"author":[{"embeddable":true,"href":"https:\/\/www.memoiresecondaire.fr\/index.php?rest_route=\/wp\/v2\/users\/1"}],"replies":[{"embeddable":true,"href":"https:\/\/www.memoiresecondaire.fr\/index.php?rest_route=%2Fwp%2Fv2%2Fcomments&post=1181"}],"version-history":[{"count":1,"href":"https:\/\/www.memoiresecondaire.fr\/index.php?rest_route=\/wp\/v2\/posts\/1181\/revisions"}],"predecessor-version":[{"id":1204,"href":"https:\/\/www.memoiresecondaire.fr\/index.php?rest_route=\/wp\/v2\/posts\/1181\/revisions\/1204"}],"wp:attachment":[{"href":"https:\/\/www.memoiresecondaire.fr\/index.php?rest_route=%2Fwp%2Fv2%2Fmedia&parent=1181"}],"wp:term":[{"taxonomy":"category","embeddable":true,"href":"https:\/\/www.memoiresecondaire.fr\/index.php?rest_route=%2Fwp%2Fv2%2Fcategories&post=1181"},{"taxonomy":"post_tag","embeddable":true,"href":"https:\/\/www.memoiresecondaire.fr\/index.php?rest_route=%2Fwp%2Fv2%2Ftags&post=1181"}],"curies":[{"name":"wp","href":"https:\/\/api.w.org\/{rel}","templated":true}]}}