{"id":122,"date":"2014-08-19T16:41:52","date_gmt":"2014-08-19T14:41:52","guid":{"rendered":"http:\/\/www.memoiresecondaire.fr\/?p=122"},"modified":"2022-02-11T16:23:05","modified_gmt":"2022-02-11T14:23:05","slug":"cafe-roliste-1","status":"publish","type":"post","link":"https:\/\/www.memoiresecondaire.fr\/?p=122","title":{"rendered":"Caf\u00e9-r\u00f4liste #1 &#8211; Garder le contr\u00f4le"},"content":{"rendered":"<p><br \/><br \/><strong>J&rsquo;officie <\/strong>maintenant depuis quelques mois pour <a href=\"http:\/\/radio-roliste.net\/\">Radio-r\u00f4liste<\/a>, d&rsquo;abord en tant que <strong>chroniqueur<\/strong>, puis de temps en temps comme <strong>animateur<\/strong>. Mais il m&rsquo;en fallait plus. Profitant de ma <strong>proximit\u00e9<\/strong> professionnelle avec mon ami <strong>Fran\u00e7ois Lalande<\/strong>, et suite \u00e0 nos <strong>discussions r\u00f4listiques<\/strong> endiabl\u00e9es \u00e0 l&rsquo;heure du caf\u00e9, je me suis dit qu&rsquo;il \u00e9tait dommage de ne pas faire profiter la communaut\u00e9 de nos <strong>cogitations post-d\u00e9jeuner<\/strong>.<br \/>De l\u00e0 est venu l&rsquo;id\u00e9e de ce <strong>Caf\u00e9-r\u00f4liste<\/strong>, un rendez-vous \u00e0 la p\u00e9riodicit\u00e9 <strong>al\u00e9atoire<\/strong>, o\u00f9 nous parlerons \u00e0 chaque fois d&rsquo;un <strong>sujet particulier<\/strong> li\u00e9 au jeu de r\u00f4le. Nous serons parfois <strong>s\u00e9rieux<\/strong>, nous nous <strong>\u00e9loignerons<\/strong> souvent du <strong>sujet<\/strong>, mais nous tenterons \u00e0 chaque fois de partager <strong>nos id\u00e9es et nos envies<\/strong>.<\/p>\n<p>Au <strong>programme<\/strong> de ce num\u00e9ro, une r\u00e9flexion sur ce qu&rsquo;est le <strong>contr\u00f4le<\/strong> d&rsquo;un personnage. Certains joueurs et maitre de jeu ont parfois du mal \u00e0 se <strong>comprendre<\/strong> \u00e0 ce sujet, le MJ tentant d&rsquo;<strong>imposer<\/strong> certaines fa\u00e7ons de jouer, tandis que le joueur peut se sentir <strong>d\u00e9poss\u00e9d\u00e9<\/strong> de son personnage bien aim\u00e9. Vous trouverez quelques <strong>exemples<\/strong> de choses \u00e0 <strong>ne pas faire<\/strong> ainsi que quelques <strong>pistes<\/strong> de r\u00e9flexion sur ce qui nous semble \u00eatre la <strong>meilleure mani\u00e8re<\/strong> d&rsquo;aborder le sujet.<\/p>\n<p>Si vous avez des remarques, questions, ou id\u00e9es de sujet \u00e0 traiter, n&rsquo;h\u00e9sitez pas \u00e0 en parler dans les commentaires ci-dessous ou en passant par les liens de la page <a title=\"A propos\" href=\"http:\/\/www.memoiresecondaire.fr\/?page_id=11\">\u00c0 propos<\/a>.<\/p>\n\n\n<figure class=\"wp-block-audio\"><audio controls src=\"https:\/\/www.memoiresecondaire.fr\/wp-content\/uploads\/2014\/08\/Caf\u00e9-r\u00f4liste-1.mp3\"><\/audio><\/figure>\n","protected":false},"excerpt":{"rendered":"<p>J&rsquo;officie maintenant depuis quelques mois pour Radio-r\u00f4liste, d&rsquo;abord en tant que chroniqueur, puis de temps en temps comme animateur. Mais il m&rsquo;en fallait plus. Profitant de ma proximit\u00e9 professionnelle avec mon ami Fran\u00e7ois Lalande, et suite \u00e0 nos discussions r\u00f4listiques endiabl\u00e9es \u00e0 l&rsquo;heure du caf\u00e9, je me suis dit qu&rsquo;il \u00e9tait dommage de ne pas [&hellip;]<\/p>\n","protected":false},"author":1,"featured_media":0,"comment_status":"open","ping_status":"open","sticky":false,"template":"","format":"standard","meta":{"footnotes":""},"categories":[20,21],"tags":[],"class_list":["post-122","post","type-post","status-publish","format-standard","hentry","category-cafe-roliste","category-podcast"],"_links":{"self":[{"href":"https:\/\/www.memoiresecondaire.fr\/index.php?rest_route=\/wp\/v2\/posts\/122","targetHints":{"allow":["GET"]}}],"collection":[{"href":"https:\/\/www.memoiresecondaire.fr\/index.php?rest_route=\/wp\/v2\/posts"}],"about":[{"href":"https:\/\/www.memoiresecondaire.fr\/index.php?rest_route=\/wp\/v2\/types\/post"}],"author":[{"embeddable":true,"href":"https:\/\/www.memoiresecondaire.fr\/index.php?rest_route=\/wp\/v2\/users\/1"}],"replies":[{"embeddable":true,"href":"https:\/\/www.memoiresecondaire.fr\/index.php?rest_route=%2Fwp%2Fv2%2Fcomments&post=122"}],"version-history":[{"count":9,"href":"https:\/\/www.memoiresecondaire.fr\/index.php?rest_route=\/wp\/v2\/posts\/122\/revisions"}],"predecessor-version":[{"id":1745,"href":"https:\/\/www.memoiresecondaire.fr\/index.php?rest_route=\/wp\/v2\/posts\/122\/revisions\/1745"}],"wp:attachment":[{"href":"https:\/\/www.memoiresecondaire.fr\/index.php?rest_route=%2Fwp%2Fv2%2Fmedia&parent=122"}],"wp:term":[{"taxonomy":"category","embeddable":true,"href":"https:\/\/www.memoiresecondaire.fr\/index.php?rest_route=%2Fwp%2Fv2%2Fcategories&post=122"},{"taxonomy":"post_tag","embeddable":true,"href":"https:\/\/www.memoiresecondaire.fr\/index.php?rest_route=%2Fwp%2Fv2%2Ftags&post=122"}],"curies":[{"name":"wp","href":"https:\/\/api.w.org\/{rel}","templated":true}]}}