{"id":1575,"date":"2020-12-23T16:34:16","date_gmt":"2020-12-23T14:34:16","guid":{"rendered":"https:\/\/www.memoiresecondaire.fr\/?p=1575"},"modified":"2020-12-23T16:34:16","modified_gmt":"2020-12-23T14:34:16","slug":"probleme-de-partage-de-fichier-entre-windows-10-et-linux-gvfs-et-smb1","status":"publish","type":"post","link":"https:\/\/www.memoiresecondaire.fr\/?p=1575","title":{"rendered":"Probl\u00e8me de partage de fichier entre Windows 10 et Linux (GVFS et SMB1)"},"content":{"rendered":"\n<p><em>Depuis des ann\u00e9es j&rsquo;utilise mon ordi principal pour partager des fichiers vers mes autres machines, machines virtuelles pour les tests, NVidia Shield pour les vid\u00e9os, ou mon laptop sous Linux pour r\u00e9cup\u00e9rer des fichiers de travail. A un moment, \u00e7a a arr\u00eat\u00e9 de fonctionner. J&rsquo;ai enfin compris pourquoi et c&rsquo;est le sujet de cet article.<\/em><\/p>\n\n\n\n<hr class=\"wp-block-separator\"\/>\n\n\n\n<p>Avec ma Shield, j&rsquo;utilisais Kodi pour acc\u00e9der \u00e0 mes fichiers, sans probl\u00e8me puis d&rsquo;un coup cela s&rsquo;est arr\u00eat\u00e9. J&rsquo;ai pens\u00e9 qu&rsquo;il s&rsquo;agissait d&rsquo;un probl\u00e8me avec une nouvelle version de Kodi, donc en attendant j&rsquo;utilisais VLC en direct qui lui fonctionnait sans probl\u00e8me.<\/p>\n\n\n\n<p>Parall\u00e8lement, je joue beaucoup avec des distributions Linux, mais \u00e0 chaque fois que je voulais m&rsquo;en servir pour de vrai (par exemple sur mon laptop, sur lequel je ne joue pas), j&rsquo;avais des soucis. Ce qui me heurte beaucoup en temps que libriste convaincu et qui constitue une vraie barri\u00e8re pour moi \u00e0 la d\u00e9mocratisation de Linux sur les machines de Bureau. Soit il s&rsquo;agit d&rsquo;un probl\u00e8me de son, ou de drivers vid\u00e9os ou surtout d&rsquo;acc\u00e8s au r\u00e9seau. Bref, jamais tranquille.<\/p>\n\n\n\n<p>Pourtant, sur les r\u00e9seaux je suis des libristes et de plus en plus d&rsquo;entre disent <a href=\"https:\/\/linuxfr.org\/users\/lezardbreton\/journaux\/linux-ne-m-interesse-plus\" data-type=\"URL\" data-id=\"https:\/\/linuxfr.org\/users\/lezardbreton\/journaux\/linux-ne-m-interesse-plus\">s&rsquo;ennuyer maintenant<\/a> parce que tout fonctionne chez eux out-of-the-box. Et pas chez moi, pourquoiii ?<\/p>\n\n\n\n<p>Bref, je profitais r\u00e9cemment d&rsquo;un nouveau test, cette fois de la distribution FerenOS qui fait sens\u00e9ment tout plus mieux que les autres et le caf\u00e9 avec. <\/p>\n\n\n\n<p>Encore une fois le parcours du r\u00e9seau \u00e9tait impossible, message d&rsquo;erreur et tout et tout. <em>Sauf que cette fois, j&rsquo;ai fait une r\u00e9ussite critique en Google-Fu et que j&rsquo;ai trouv\u00e9 la solution<\/em>. Et si le probl\u00e8me vient bien de Linux, la solution se trouve c\u00f4t\u00e9 Windows. <\/p>\n\n\n\n<p>En effet, suite \u00e0 un bug dans le backend GVFS, les versions sup\u00e9rieures \u00e0 smb1 (le protocole utilis\u00e9 pour la d\u00e9couverte du r\u00e9seau et le partage de fichier) ne sont pas prises en charge par Linux. <\/p>\n\n\n\n<p>Or, les versions r\u00e9centes de Windows 10, pour des raisons de s\u00e9curit\u00e9, d\u00e9sactivent smb1, vieux de 30 ans, ce qui est normalement une excellent id\u00e9e, mais qui dans notre cas pr\u00e9cis casse, sans pr\u00e9venir, l&rsquo;autre c\u00f4t\u00e9. <\/p>\n\n\n\n<p>La solution tient en une ligne.<\/p>\n\n\n\n<figure class=\"wp-block-image size-large\"><a href=\"https:\/\/www.memoiresecondaire.fr\/wp-content\/uploads\/2020\/12\/image.png\"><img loading=\"lazy\" decoding=\"async\" width=\"797\" height=\"58\" src=\"https:\/\/www.memoiresecondaire.fr\/wp-content\/uploads\/2020\/12\/image.png\" alt=\"\" class=\"wp-image-1576\" srcset=\"https:\/\/www.memoiresecondaire.fr\/wp-content\/uploads\/2020\/12\/image.png 797w, https:\/\/www.memoiresecondaire.fr\/wp-content\/uploads\/2020\/12\/image-300x22.png 300w, https:\/\/www.memoiresecondaire.fr\/wp-content\/uploads\/2020\/12\/image-768x56.png 768w\" sizes=\"auto, (max-width: 797px) 100vw, 797px\" \/><\/a><\/figure>\n\n\n\n<p>Ouvrez un terminal Powershell en mode Admin et tapez la commande ci-dessus. L&rsquo;ordi va red\u00e9marrer (violemment et sans vous demander votre avis, GG MS), puis smb1 sera activ\u00e9. <\/p>\n\n\n\n<p>De retour dans ma VM de test FerenOs, le gestionnaire de fichier Nemo voit instantan\u00e9ment la machine de partage, les partages eux-m\u00eames et apr\u00e8s une demande l\u00e9gitime d&rsquo;authentification me donne enfin acc\u00e8s aux fichiers convoit\u00e9s, et un double-clic lance une vid\u00e9o avec VLC tr\u00e8s rapidement et sans buffering.<\/p>\n\n\n\n<p><span style=\"text-decoration: underline;\">Je suis un peu emb\u00eat\u00e9 pour la conclusion.<\/span><\/p>\n\n\n\n<p>En effet, Windows a colmat\u00e9 un trou de s\u00e9curit\u00e9 important, et un bug dans Linux fait qu&rsquo;on ne peut plus s&rsquo;y connecter, du coup MS 1 &#8211; Linux 0<\/p>\n\n\n\n<p>La correction serait probl\u00e9matique dans un environnement moins personnel que le mien et ne fonctionnera pas dans un environnement o\u00f9 je n&rsquo;ai pas la ma\u00eetrise du serveur. <\/p>\n\n\n\n<p>Il existe des solutions de contournement (notamment monter le partage distant en ligne de commande, ou en passant par le fichier \/etc\/fstab) mais ce n&rsquo;est absolument pas user-friendly et contredit, \u00e0 mon sens, la facilit\u00e9 suppos\u00e9e d&rsquo;utilisation du bureau Linux. <\/p>\n\n\n\n<p>Si quelqu&rsquo;un a trouv\u00e9 une solution plus \u00e9l\u00e9gante que la mienne, n&rsquo;h\u00e9sitez pas \u00e0 m&rsquo;en faire part, en attendant je vais pouvoir remater mes films de vacances, tranquillement, dans mon canap&rsquo; jusqu&rsquo;\u00e0 la prochaine fois.<\/p>\n\n\n\n<hr class=\"wp-block-separator\"\/>\n\n\n\n<p><em>Ressources<\/em><br>Un point global sur le sujet <br><a href=\"https:\/\/forums.linuxmint.com\/viewtopic.php?t=322404\">https:\/\/forums.linuxmint.com\/viewtopic.php?t=322404<\/a><\/p>\n\n\n\n<p>Stop using SMB1\n<br><a href=\"https:\/\/techcommunity.microsoft.com\/t5\/storage-at-microsoft\/stop-using-smb1\/ba-p\/425858\">https:\/\/techcommunity.microsoft.com\/t5\/storage-at-microsoft\/stop-using-smb1\/ba-p\/425858<\/a><\/p>\n","protected":false},"excerpt":{"rendered":"<p>Depuis des ann\u00e9es j&rsquo;utilise mon ordi principal pour partager des fichiers vers mes autres machines, machines virtuelles pour les tests, NVidia Shield pour les vid\u00e9os, ou mon laptop sous Linux pour r\u00e9cup\u00e9rer des fichiers de travail. A un moment, \u00e7a a arr\u00eat\u00e9 de fonctionner. J&rsquo;ai enfin compris pourquoi et c&rsquo;est le sujet de cet article. [&hellip;]<\/p>\n","protected":false},"author":1,"featured_media":0,"comment_status":"open","ping_status":"open","sticky":false,"template":"","format":"standard","meta":{"footnotes":""},"categories":[55],"tags":[],"class_list":["post-1575","post","type-post","status-publish","format-standard","hentry","category-informatique"],"_links":{"self":[{"href":"https:\/\/www.memoiresecondaire.fr\/index.php?rest_route=\/wp\/v2\/posts\/1575","targetHints":{"allow":["GET"]}}],"collection":[{"href":"https:\/\/www.memoiresecondaire.fr\/index.php?rest_route=\/wp\/v2\/posts"}],"about":[{"href":"https:\/\/www.memoiresecondaire.fr\/index.php?rest_route=\/wp\/v2\/types\/post"}],"author":[{"embeddable":true,"href":"https:\/\/www.memoiresecondaire.fr\/index.php?rest_route=\/wp\/v2\/users\/1"}],"replies":[{"embeddable":true,"href":"https:\/\/www.memoiresecondaire.fr\/index.php?rest_route=%2Fwp%2Fv2%2Fcomments&post=1575"}],"version-history":[{"count":2,"href":"https:\/\/www.memoiresecondaire.fr\/index.php?rest_route=\/wp\/v2\/posts\/1575\/revisions"}],"predecessor-version":[{"id":1578,"href":"https:\/\/www.memoiresecondaire.fr\/index.php?rest_route=\/wp\/v2\/posts\/1575\/revisions\/1578"}],"wp:attachment":[{"href":"https:\/\/www.memoiresecondaire.fr\/index.php?rest_route=%2Fwp%2Fv2%2Fmedia&parent=1575"}],"wp:term":[{"taxonomy":"category","embeddable":true,"href":"https:\/\/www.memoiresecondaire.fr\/index.php?rest_route=%2Fwp%2Fv2%2Fcategories&post=1575"},{"taxonomy":"post_tag","embeddable":true,"href":"https:\/\/www.memoiresecondaire.fr\/index.php?rest_route=%2Fwp%2Fv2%2Ftags&post=1575"}],"curies":[{"name":"wp","href":"https:\/\/api.w.org\/{rel}","templated":true}]}}