{"id":1748,"date":"2022-02-27T00:11:48","date_gmt":"2022-02-26T22:11:48","guid":{"rendered":"https:\/\/www.memoiresecondaire.fr\/?p=1748"},"modified":"2022-02-28T19:13:44","modified_gmt":"2022-02-28T17:13:44","slug":"cafe-roliste-nouvelle-saison-s02e01-avec-louis-brach-de-chez-bragelonne","status":"publish","type":"post","link":"https:\/\/www.memoiresecondaire.fr\/?p=1748","title":{"rendered":"Caf\u00e9-r\u00f4liste nouvelle saison, S02E01, avec Louis Brach de chez Bragelonne"},"content":{"rendered":"\n<div class=\"wp-block-image\"><figure class=\"alignright size-large is-resized\"><a href=\"https:\/\/www.memoiresecondaire.fr\/wp-content\/uploads\/2022\/02\/20220217_150734-scaled.jpg\"><img loading=\"lazy\" decoding=\"async\" src=\"https:\/\/www.memoiresecondaire.fr\/wp-content\/uploads\/2022\/02\/20220217_150734-576x1024.jpg\" alt=\"\" class=\"wp-image-1766\" width=\"228\" height=\"406\" srcset=\"https:\/\/www.memoiresecondaire.fr\/wp-content\/uploads\/2022\/02\/20220217_150734-576x1024.jpg 576w, https:\/\/www.memoiresecondaire.fr\/wp-content\/uploads\/2022\/02\/20220217_150734-169x300.jpg 169w, https:\/\/www.memoiresecondaire.fr\/wp-content\/uploads\/2022\/02\/20220217_150734-768x1365.jpg 768w, https:\/\/www.memoiresecondaire.fr\/wp-content\/uploads\/2022\/02\/20220217_150734-864x1536.jpg 864w, https:\/\/www.memoiresecondaire.fr\/wp-content\/uploads\/2022\/02\/20220217_150734-1152x2048.jpg 1152w, https:\/\/www.memoiresecondaire.fr\/wp-content\/uploads\/2022\/02\/20220217_150734-scaled.jpg 1440w\" sizes=\"auto, (max-width: 228px) 100vw, 228px\" \/><\/a><\/figure><\/div>\n\n\n\n<p>C&rsquo;est un jour particulier aujourd&rsquo;hui. En effet, apr\u00e8s une pause de quelque temps, je reprends enfin les caf\u00e9-r\u00f4liste. \u00c0 l&rsquo;occasion de l&rsquo;elderfest, j&rsquo;ai rencontr\u00e9 des tas de gens formidables et tr\u00e8s actifs dans le milieu, chacun \u00e0 leur fa\u00e7on. <\/p>\n\n\n\n<p>Je relance donc une s\u00e9rie de Caf\u00e9-r\u00f4listes officiels sous la forme d&rsquo;interview de gens de plein d&rsquo;horizons. <\/p>\n\n\n\n<p>Aujourd&rsquo;hui, je suis avec Louis Brach travaillant chez Bragelonne et r\u00e9dacteur en chef du site Syfantasy.<\/p>\n\n\n\n<p>Un \u00e9pisode un peu long, plus d&rsquo;une heure, mais une discussion passionnante sur le milieu de l&rsquo;\u00e9dition vu de l&rsquo;int\u00e9rieur. J&rsquo;esp\u00e8re que vous l&rsquo;appr\u00e9cierez !<\/p>\n\n\n\n<figure class=\"wp-block-audio\"><audio controls src=\"https:\/\/www.memoiresecondaire.fr\/wp-content\/uploads\/2022\/02\/Cafe-roliste-S02E01.mp3\"><\/audio><\/figure>\n\n\n\n<p>Liens :<\/p>\n\n\n\n<p><p><a href=\"https:\/\/syfantasy.fr\/\" data-type=\"URL\" data-id=\"https:\/\/syfantasy.fr\/\">Syfantasy<\/a><\/p><p><a href=\"https:\/\/www.elder-craft.com\/copie-de-aria\" data-type=\"URL\" data-id=\"https:\/\/www.elder-craft.com\/copie-de-aria\">Aria<\/a><\/p><p><a href=\"https:\/\/www.gameontabletop.com\/cf642\/cats-la-mascarade.html\" data-type=\"URL\" data-id=\"https:\/\/www.gameontabletop.com\/cf642\/cats-la-mascarade.html\">Cat&rsquo;s la mascarade<\/a><\/p><p><a href=\"https:\/\/www.doorsapp.io\/\" data-type=\"URL\" data-id=\"https:\/\/www.doorsapp.io\/\">Rocambole (devenu l&rsquo;application Doors)<\/a><\/p><p><a href=\"http:\/\/ploum.net\/\" data-type=\"URL\" data-id=\"http:\/\/ploum.net\/\">La d\u00e9connexion de Ploum<\/a><\/p><a href=\"https:\/\/www.memoiresecondaire.fr\/?p=1432\">Le carnet en peau de dragon<\/a><\/p>\n","protected":false},"excerpt":{"rendered":"<p>C&rsquo;est un jour particulier aujourd&rsquo;hui. En effet, apr\u00e8s une pause de quelque temps, je reprends enfin les caf\u00e9-r\u00f4liste. \u00c0 l&rsquo;occasion de l&rsquo;elderfest, j&rsquo;ai rencontr\u00e9 des tas de gens formidables et tr\u00e8s actifs dans le milieu, chacun \u00e0 leur fa\u00e7on. Je relance donc une s\u00e9rie de Caf\u00e9-r\u00f4listes officiels sous la forme d&rsquo;interview de gens de plein [&hellip;]<\/p>\n","protected":false},"author":1,"featured_media":0,"comment_status":"open","ping_status":"open","sticky":false,"template":"","format":"standard","meta":{"footnotes":""},"categories":[20,65,21],"tags":[],"class_list":["post-1748","post","type-post","status-publish","format-standard","hentry","category-cafe-roliste","category-jeu-de-role","category-podcast"],"_links":{"self":[{"href":"https:\/\/www.memoiresecondaire.fr\/index.php?rest_route=\/wp\/v2\/posts\/1748","targetHints":{"allow":["GET"]}}],"collection":[{"href":"https:\/\/www.memoiresecondaire.fr\/index.php?rest_route=\/wp\/v2\/posts"}],"about":[{"href":"https:\/\/www.memoiresecondaire.fr\/index.php?rest_route=\/wp\/v2\/types\/post"}],"author":[{"embeddable":true,"href":"https:\/\/www.memoiresecondaire.fr\/index.php?rest_route=\/wp\/v2\/users\/1"}],"replies":[{"embeddable":true,"href":"https:\/\/www.memoiresecondaire.fr\/index.php?rest_route=%2Fwp%2Fv2%2Fcomments&post=1748"}],"version-history":[{"count":4,"href":"https:\/\/www.memoiresecondaire.fr\/index.php?rest_route=\/wp\/v2\/posts\/1748\/revisions"}],"predecessor-version":[{"id":1770,"href":"https:\/\/www.memoiresecondaire.fr\/index.php?rest_route=\/wp\/v2\/posts\/1748\/revisions\/1770"}],"wp:attachment":[{"href":"https:\/\/www.memoiresecondaire.fr\/index.php?rest_route=%2Fwp%2Fv2%2Fmedia&parent=1748"}],"wp:term":[{"taxonomy":"category","embeddable":true,"href":"https:\/\/www.memoiresecondaire.fr\/index.php?rest_route=%2Fwp%2Fv2%2Fcategories&post=1748"},{"taxonomy":"post_tag","embeddable":true,"href":"https:\/\/www.memoiresecondaire.fr\/index.php?rest_route=%2Fwp%2Fv2%2Ftags&post=1748"}],"curies":[{"name":"wp","href":"https:\/\/api.w.org\/{rel}","templated":true}]}}