{"id":242,"date":"2014-09-09T11:58:06","date_gmt":"2014-09-09T09:58:06","guid":{"rendered":"http:\/\/www.memoiresecondaire.fr\/?p=242"},"modified":"2014-09-09T13:41:33","modified_gmt":"2014-09-09T11:41:33","slug":"artefya-et-les-habitants-dans-tout-ca-1","status":"publish","type":"post","link":"https:\/\/www.memoiresecondaire.fr\/?p=242","title":{"rendered":"Artefya &#8211; Guide de la faune Artefyenne #1"},"content":{"rendered":"<p>Je fais une petite pause dans la description des quartiers pour parler cette fois des habitants et de tout ce qui tourne autour de la vie quotidienne.<\/p>\n<hr \/>\n<h3>Et les habitants dans tout \u00e7a ?<\/h3>\n<p>Parlons un peu du peuple Artefyen. Initialement et majoritairement humains, les habitants d\u2019Artefya sont pourtant constitu\u00e9s du plus grand nombre de races du monde connu. Orc, Nains, Gnomes, Elfes, Troll, Ogres et autres Gobelins, pour les plus communs, cohabitent, quasiment sans heurts dans la grande cit\u00e9, plus unis par amour du profit que de son prochain mais quand m\u00eame.<br \/>\n\u00c9trangement, m\u00eame les plus anciens n\u2019ont pas eu de mal \u00e0 accueillir les nouveaux arrivants, allant m\u00eame jusqu\u2019\u00e0 les aider \u00e0 s\u2019installer et \u00e0 se d\u00e9velopper, cr\u00e9ant ainsi une entente rare.<br \/>\nBien s\u00fbr tout n\u2019est pas si rose, et m\u00eame si le citadin reste, en g\u00e9n\u00e9ral, bienveillant, il n\u2019ira toutefois pas jusqu\u2019\u00e0 tendre l\u2019autre joue et sera parfaitement capable de se rappeler comment se d\u00e9fendre en cas de besoin.<\/p>\n<blockquote><p>Autant de races, autant de cultures, autant de mode de pens\u00e9es diff\u00e9rents, \u00e7a devrait p\u00e9ter. Les gens devraient se taper sur la tronche. Depuis tant d&rsquo;ann\u00e9es que les nains se battent contre les gobelins, que les orcs massacrent les humains, que les humains butent tout ce qui est diff\u00e9rent et pourtant \u00e7a marche. L&rsquo;huile dans les rouages Artefyen c&rsquo;est l&rsquo;argent. Et la promesse d&rsquo;un monde meilleur. Et la t\u00eate du gogo d&rsquo;en face est pas si importante quand tu viens de signer un gros contrat ou que t\u2019arrives \u00e0 gratter les quelques grammes dont tu as besoin pour survivre.<\/p><\/blockquote>\n<h4>Les guildes<\/h4>\n<p>Une particularit\u00e9 int\u00e9ressante des locaux est que l\u2019appartenance \u00e0 une guilde est une obligation sociale, \u00e0 tous niveaux de la soci\u00e9t\u00e9. Bien que rien n\u2019emp\u00eache de ne pas avoir de guilde du tout ou, au contraire, d\u2019appartenir \u00e0 plusieurs, sortir des sentiers battus est difficile, le contrevenant \u00e9tant rapidement mis au ban.<br \/>\nVous trouverez plus bas quelques exemples de guildes et organisations reconnues \u00e0 Artefya. Rien d&rsquo;exhaustif bien s\u00fbr, m\u00eame ceux dont c&rsquo;est le m\u00e9tier ne sont pas capables de tenir \u00e0 jour la liste de l&rsquo;ensemble des guildes cr\u00e9\u00e9es chaque jour.<\/p>\n<p class=\"encadre\">Les sans-guildes sont appel\u00e9s p\u00e9jorativement les Zeros tandis qu\u2019appartenir, et donc travailler pour plusieurs guildes fait de vous un Gourmand. Aucun de ces termes n\u2019\u00e9tant particuli\u00e8rement valorisant pour son porteur.<\/p>\n<p>Il existe toute sorte de guildes et d\u2019organisations, de la plus grande et prestigieuse comme <em>la soci\u00e9t\u00e9 artefyenne de m\u00e9cathurgie<\/em> ou <em>les d\u00e9ratiseurs artefyens<\/em> \u00e0 la plus petite et futile comme <em>les funestes s\u00e9cheurs rapi\u00e9ceurs de chaussettes<\/em> en passant par la c\u00e9l\u00e8bre <em>Magelock<\/em> ou <em>les adorateurs la\u00efcs du bel et bon chop-chop<\/em>. Une constante : toutes doivent \u00eatre \u00ab utiles \u00bb \u00e0 la cit\u00e9, d\u2019une fa\u00e7on ou d\u2019une autre.<\/p>\n<blockquote><p>Voici quelques expressions typiques de la m\u00e9cathurge :<\/p>\n<ul>\n<li>Plumer des z\u00e9ros : rabattre des visiteurs na\u00effs pour les inscrire dans une guilde.<\/li>\n<li>Taper du pouce : \u00eatre \u00e9nerv\u00e9 ou en col\u00e8re. Le maire \u00e9tant r\u00e9put\u00e9 ne jamais montrer son impatience ou sa col\u00e8re, certains ont imagin\u00e9 que sa manie de taper rapidement son pouce contre le pommeau de sa canne \u00e9tait ce qui pouvait se rapprocher le plus d\u2019un signe d\u2019\u00e9nervement de sa part.<\/li>\n<li>Se mettre la pile \u00e0 l\u2019envers : fonctionner de travers, \u00eatre fou ou agir b\u00eatement.<\/li>\n<li>Passer le pont : avoir oubli\u00e9 quelque chose, un rendez-vous, un objet, le nom de quelqu\u2019un. Personne ne se souvient de l\u2019origine de l\u2019expression.<\/li>\n<li>Se faire passer au tamis : \u00eatre tu\u00e9 pour avoir trop parl\u00e9.<\/li>\n<li>(se la) donner : \u00eatre na\u00eff. Cette expression vient de la croyance selon laquelle donner son \u00e9nergie \u00e0 la pile serait dangereux et servirait un but moins noble que l\u2019int\u00e9r\u00eat g\u00e9n\u00e9ral.<\/li>\n<li>Passer devant les lions. Se retrouver emprisonn\u00e9.<\/li>\n<li>L\u00e2cher une caisse. Perdre beaucoup d&rsquo;or. Cette expression vient du fait que les d\u00e9ciboutanches sont plac\u00e9es par 6 dans des caisses en bois pour faciliter le transport<\/li>\n<\/ul>\n<\/blockquote>\n<p><a href=\"http:\/\/www.memoiresecondaire.fr\/wp-content\/uploads\/2014\/09\/Mode.jpg\"><img loading=\"lazy\" decoding=\"async\" class=\"alignright size-medium wp-image-248\" src=\"http:\/\/www.memoiresecondaire.fr\/wp-content\/uploads\/2014\/09\/Mode-300x225.jpg\" alt=\"Mode\" width=\"300\" height=\"225\" srcset=\"https:\/\/www.memoiresecondaire.fr\/wp-content\/uploads\/2014\/09\/Mode-300x225.jpg 300w, https:\/\/www.memoiresecondaire.fr\/wp-content\/uploads\/2014\/09\/Mode.jpg 845w\" sizes=\"auto, (max-width: 300px) 100vw, 300px\" \/><\/a><\/p>\n<h4>La mode<\/h4>\n<p>La mode est \u00e0 l\u2019image des citadins, fantasque, color\u00e9e, imaginative et parfois ridicule. Elle change tr\u00e8s vite et se montrer \u00e0 une soir\u00e9e chic dans une tenue d\u00e9mod\u00e9e fait de vous la ris\u00e9e de votre quartier jusqu\u2019au moment, parfois le lendemain, o\u00f9 le m\u00eame v\u00eatement sera redevenu le summum de l\u2019\u00e9l\u00e9gance (et ce, pour quelques jours seulement).<\/p>\n<blockquote><p>Une mode tenace en ce moment est le port de la moustache pour l\u2019homme, de toute forme ou taille et l\u2019inclusion de perles ou d\u2019autres pierres pr\u00e9cieuses dans les v\u00eatements pour la femme.<\/p><\/blockquote>\n","protected":false},"excerpt":{"rendered":"<p>Je fais une petite pause dans la description des quartiers pour parler cette fois des habitants et de tout ce qui tourne autour de la vie quotidienne. Et les habitants dans tout \u00e7a ? Parlons un peu du peuple Artefyen. Initialement et majoritairement humains, les habitants d\u2019Artefya sont pourtant constitu\u00e9s du plus grand nombre de [&hellip;]<\/p>\n","protected":false},"author":1,"featured_media":0,"comment_status":"open","ping_status":"open","sticky":false,"template":"","format":"standard","meta":{"footnotes":""},"categories":[6,4],"tags":[],"class_list":["post-242","post","type-post","status-publish","format-standard","hentry","category-artefya","category-projets"],"_links":{"self":[{"href":"https:\/\/www.memoiresecondaire.fr\/index.php?rest_route=\/wp\/v2\/posts\/242","targetHints":{"allow":["GET"]}}],"collection":[{"href":"https:\/\/www.memoiresecondaire.fr\/index.php?rest_route=\/wp\/v2\/posts"}],"about":[{"href":"https:\/\/www.memoiresecondaire.fr\/index.php?rest_route=\/wp\/v2\/types\/post"}],"author":[{"embeddable":true,"href":"https:\/\/www.memoiresecondaire.fr\/index.php?rest_route=\/wp\/v2\/users\/1"}],"replies":[{"embeddable":true,"href":"https:\/\/www.memoiresecondaire.fr\/index.php?rest_route=%2Fwp%2Fv2%2Fcomments&post=242"}],"version-history":[{"count":15,"href":"https:\/\/www.memoiresecondaire.fr\/index.php?rest_route=\/wp\/v2\/posts\/242\/revisions"}],"predecessor-version":[{"id":258,"href":"https:\/\/www.memoiresecondaire.fr\/index.php?rest_route=\/wp\/v2\/posts\/242\/revisions\/258"}],"wp:attachment":[{"href":"https:\/\/www.memoiresecondaire.fr\/index.php?rest_route=%2Fwp%2Fv2%2Fmedia&parent=242"}],"wp:term":[{"taxonomy":"category","embeddable":true,"href":"https:\/\/www.memoiresecondaire.fr\/index.php?rest_route=%2Fwp%2Fv2%2Fcategories&post=242"},{"taxonomy":"post_tag","embeddable":true,"href":"https:\/\/www.memoiresecondaire.fr\/index.php?rest_route=%2Fwp%2Fv2%2Ftags&post=242"}],"curies":[{"name":"wp","href":"https:\/\/api.w.org\/{rel}","templated":true}]}}