{"id":380,"date":"2014-11-03T23:02:50","date_gmt":"2014-11-03T21:02:50","guid":{"rendered":"http:\/\/www.memoiresecondaire.fr\/?p=380"},"modified":"2022-02-11T16:13:41","modified_gmt":"2022-02-11T14:13:41","slug":"cafe-roliste-11-rencontre-avec-la-ffjdr-1","status":"publish","type":"post","link":"https:\/\/www.memoiresecondaire.fr\/?p=380","title":{"rendered":"Caf\u00e9-r\u00f4liste #11 &#8211; Rencontre avec la FFJDR #1"},"content":{"rendered":"<p>La <strong>semaine derni\u00e8re<\/strong> j&rsquo;ai particip\u00e9 aux <strong>Utopiales<\/strong> de Nantes. J&rsquo;y ai fait de nombreuses <strong>rencontres<\/strong> et notamment celle de <strong>Sybille Marchetto<\/strong>, la nouvelle pr\u00e9sidente de la <strong>FFJDR<\/strong>, F\u00e9d\u00e9ration Fran\u00e7aise de Jeu de R\u00f4le.<\/p>\n<p><a href=\"http:\/\/www.memoiresecondaire.fr\/wp-content\/uploads\/2014\/11\/Sybille.jpg\"><img loading=\"lazy\" decoding=\"async\" class=\"alignright wp-image-383 size-full\" style=\"border-radius: 5px;\" src=\"http:\/\/www.memoiresecondaire.fr\/wp-content\/uploads\/2014\/11\/Sybille.jpg\" alt=\"Sybille\" width=\"155\" height=\"255\"><\/a>Les plus <strong>anciens<\/strong> se rappelleront des <strong>d\u00e9boires<\/strong> rencontr\u00e9s par la f\u00e9d\u00e9 il y quelques ann\u00e9es et les plus optimistes verront d&rsquo;un \u0153il positif la <strong>reprise<\/strong> de l&rsquo;association par une pas-si-nouvelle \u00e9quipe que cela.<\/p>\n<p>Sybille a bien voulu prendre <strong>un caf\u00e9<\/strong> avec moi pour se pr\u00e9senter, nous parler de son parcours, nous faire un peu d&rsquo;<strong>histoire<\/strong> et nous donner un aper\u00e7u de l&rsquo;<strong>\u00e9quipe<\/strong> en charge.<\/p>\n<p>Cet \u00e9pisode sera suivi d&rsquo;une <strong>seconde partie<\/strong> o\u00f9 Sybille nous parlera du <strong>futur<\/strong> de la f\u00e9d\u00e9ration.<\/p>\n<p>Bonne \u00e9coute \u00e0 tous !<\/p>\n<hr>\n<p><strong>Liens<\/strong><\/p>\n<p><a href=\"http:\/\/www.ffjdr.org\/\" target=\"_blank\" rel=\"noopener\">La F\u00e9d\u00e9ration Fran\u00e7aise de Jeu de R\u00f4le<\/a><br>\n<a href=\"http:\/\/www.legrog.org\/\" target=\"_blank\" rel=\"noopener\">Le Grog<\/a><br>\n<a href=\"http:\/\/www.pandapirate.net\/casus\/\" target=\"_blank\" rel=\"noopener\">Le forum CasusNo<\/a><\/p>\n\n\n<figure class=\"wp-block-audio\"><audio controls src=\"blob:https:\/\/www.memoiresecondaire.fr\/96b0e89a-1d59-4659-808c-91cac3810180\"><\/audio><\/figure>\n","protected":false},"excerpt":{"rendered":"<p>La semaine derni\u00e8re j&rsquo;ai particip\u00e9 aux Utopiales de Nantes. J&rsquo;y ai fait de nombreuses rencontres et notamment celle de Sybille Marchetto, la nouvelle pr\u00e9sidente de la FFJDR, F\u00e9d\u00e9ration Fran\u00e7aise de Jeu de R\u00f4le. Les plus anciens se rappelleront des d\u00e9boires rencontr\u00e9s par la f\u00e9d\u00e9 il y quelques ann\u00e9es et les plus optimistes verront d&rsquo;un \u0153il [&hellip;]<\/p>\n","protected":false},"author":1,"featured_media":0,"comment_status":"open","ping_status":"open","sticky":false,"template":"","format":"standard","meta":{"footnotes":""},"categories":[20,21],"tags":[30],"class_list":["post-380","post","type-post","status-publish","format-standard","hentry","category-cafe-roliste","category-podcast","tag-ffjdr"],"_links":{"self":[{"href":"https:\/\/www.memoiresecondaire.fr\/index.php?rest_route=\/wp\/v2\/posts\/380","targetHints":{"allow":["GET"]}}],"collection":[{"href":"https:\/\/www.memoiresecondaire.fr\/index.php?rest_route=\/wp\/v2\/posts"}],"about":[{"href":"https:\/\/www.memoiresecondaire.fr\/index.php?rest_route=\/wp\/v2\/types\/post"}],"author":[{"embeddable":true,"href":"https:\/\/www.memoiresecondaire.fr\/index.php?rest_route=\/wp\/v2\/users\/1"}],"replies":[{"embeddable":true,"href":"https:\/\/www.memoiresecondaire.fr\/index.php?rest_route=%2Fwp%2Fv2%2Fcomments&post=380"}],"version-history":[{"count":9,"href":"https:\/\/www.memoiresecondaire.fr\/index.php?rest_route=\/wp\/v2\/posts\/380\/revisions"}],"predecessor-version":[{"id":1692,"href":"https:\/\/www.memoiresecondaire.fr\/index.php?rest_route=\/wp\/v2\/posts\/380\/revisions\/1692"}],"wp:attachment":[{"href":"https:\/\/www.memoiresecondaire.fr\/index.php?rest_route=%2Fwp%2Fv2%2Fmedia&parent=380"}],"wp:term":[{"taxonomy":"category","embeddable":true,"href":"https:\/\/www.memoiresecondaire.fr\/index.php?rest_route=%2Fwp%2Fv2%2Fcategories&post=380"},{"taxonomy":"post_tag","embeddable":true,"href":"https:\/\/www.memoiresecondaire.fr\/index.php?rest_route=%2Fwp%2Fv2%2Ftags&post=380"}],"curies":[{"name":"wp","href":"https:\/\/api.w.org\/{rel}","templated":true}]}}