{"id":424,"date":"2014-11-16T12:52:46","date_gmt":"2014-11-16T10:52:46","guid":{"rendered":"http:\/\/www.memoiresecondaire.fr\/?p=424"},"modified":"2022-02-11T16:15:16","modified_gmt":"2022-02-11T14:15:16","slug":"cafe-roliste-13-un-cafe-avec-willy-favre","status":"publish","type":"post","link":"https:\/\/www.memoiresecondaire.fr\/?p=424","title":{"rendered":"Caf\u00e9-r\u00f4liste #13 &#8211; Un caf\u00e9 avec Willy Favre"},"content":{"rendered":"<p><a href=\"http:\/\/www.memoiresecondaire.fr\/wp-content\/uploads\/2014\/11\/Willy-favre.jpg\"><img loading=\"lazy\" decoding=\"async\" class=\"alignright wp-image-425 size-medium\" src=\"http:\/\/www.memoiresecondaire.fr\/wp-content\/uploads\/2014\/11\/Willy-favre-300x191.jpg\" alt=\"Willy favre\" width=\"300\" height=\"191\" srcset=\"https:\/\/www.memoiresecondaire.fr\/wp-content\/uploads\/2014\/11\/Willy-favre-300x191.jpg 300w, https:\/\/www.memoiresecondaire.fr\/wp-content\/uploads\/2014\/11\/Willy-favre.jpg 590w\" sizes=\"auto, (max-width: 300px) 100vw, 300px\" \/><\/a>Dans ce nouvel \u00e9pisode, je prends un caf\u00e9 avec Willy Favre, auteur et illustrateur reconnu ayant travaill\u00e9 sur de nombreux jeux, de Brain Soda \u00e0 Humanidyne en passant par Kuro, La Brigade chim\u00e9rique et bien d&rsquo;autres.<\/p>\n<p>On y parle de ses nombreux talents, de son rapports avec les autres auteurs, les \u00e9diteurs et avec le milieu du jeu de r\u00f4le en g\u00e9n\u00e9ral (avec m\u00eame une intervention de J\u00e9r\u00f4me Larr\u00e9 au passage).<\/p>\n<p>Merci \u00e0 Willy de s&rsquo;\u00eatre pr\u00e9t\u00e9 avec beaucoup de gentillesse et de disponibilit\u00e9 \u00e0 l&rsquo;exercice.<\/p>\n<hr>\n<p>Lien :<br>\n<a href=\"http:\/\/www.legrog.org\/biographies\/willy-favre\" target=\"_blank\" rel=\"noopener\">Bio sur le grog<\/a><\/p>\n\n\n<figure class=\"wp-block-audio\"><audio controls src=\"https:\/\/www.memoiresecondaire.fr\/wp-content\/uploads\/2022\/02\/Un-cafe-avec-Willy-Favre.mp3\"><\/audio><\/figure>\n","protected":false},"excerpt":{"rendered":"<p>Dans ce nouvel \u00e9pisode, je prends un caf\u00e9 avec Willy Favre, auteur et illustrateur reconnu ayant travaill\u00e9 sur de nombreux jeux, de Brain Soda \u00e0 Humanidyne en passant par Kuro, La Brigade chim\u00e9rique et bien d&rsquo;autres. On y parle de ses nombreux talents, de son rapports avec les autres auteurs, les \u00e9diteurs et avec le [&hellip;]<\/p>\n","protected":false},"author":1,"featured_media":0,"comment_status":"open","ping_status":"open","sticky":false,"template":"","format":"standard","meta":{"footnotes":""},"categories":[20,21],"tags":[],"class_list":["post-424","post","type-post","status-publish","format-standard","hentry","category-cafe-roliste","category-podcast"],"_links":{"self":[{"href":"https:\/\/www.memoiresecondaire.fr\/index.php?rest_route=\/wp\/v2\/posts\/424","targetHints":{"allow":["GET"]}}],"collection":[{"href":"https:\/\/www.memoiresecondaire.fr\/index.php?rest_route=\/wp\/v2\/posts"}],"about":[{"href":"https:\/\/www.memoiresecondaire.fr\/index.php?rest_route=\/wp\/v2\/types\/post"}],"author":[{"embeddable":true,"href":"https:\/\/www.memoiresecondaire.fr\/index.php?rest_route=\/wp\/v2\/users\/1"}],"replies":[{"embeddable":true,"href":"https:\/\/www.memoiresecondaire.fr\/index.php?rest_route=%2Fwp%2Fv2%2Fcomments&post=424"}],"version-history":[{"count":5,"href":"https:\/\/www.memoiresecondaire.fr\/index.php?rest_route=\/wp\/v2\/posts\/424\/revisions"}],"predecessor-version":[{"id":1703,"href":"https:\/\/www.memoiresecondaire.fr\/index.php?rest_route=\/wp\/v2\/posts\/424\/revisions\/1703"}],"wp:attachment":[{"href":"https:\/\/www.memoiresecondaire.fr\/index.php?rest_route=%2Fwp%2Fv2%2Fmedia&parent=424"}],"wp:term":[{"taxonomy":"category","embeddable":true,"href":"https:\/\/www.memoiresecondaire.fr\/index.php?rest_route=%2Fwp%2Fv2%2Fcategories&post=424"},{"taxonomy":"post_tag","embeddable":true,"href":"https:\/\/www.memoiresecondaire.fr\/index.php?rest_route=%2Fwp%2Fv2%2Ftags&post=424"}],"curies":[{"name":"wp","href":"https:\/\/api.w.org\/{rel}","templated":true}]}}