{"id":518,"date":"2015-02-25T12:37:58","date_gmt":"2015-02-25T10:37:58","guid":{"rendered":"http:\/\/www.memoiresecondaire.fr\/?p=518"},"modified":"2015-02-25T12:37:58","modified_gmt":"2015-02-25T10:37:58","slug":"festival-international-du-jeu-a-cannes","status":"publish","type":"post","link":"https:\/\/www.memoiresecondaire.fr\/?p=518","title":{"rendered":"Festival international du jeu \u00e0 Cannes"},"content":{"rendered":"<p><a href=\"http:\/\/www.memoiresecondaire.fr\/wp-content\/uploads\/2015\/02\/10911371_715833611857100_6518966414947813880_o.jpg\"><img loading=\"lazy\" decoding=\"async\" class=\"alignright wp-image-519 \" src=\"http:\/\/www.memoiresecondaire.fr\/wp-content\/uploads\/2015\/02\/10911371_715833611857100_6518966414947813880_o.jpg\" alt=\"10911371_715833611857100_6518966414947813880_o\" width=\"376\" height=\"532\" srcset=\"https:\/\/www.memoiresecondaire.fr\/wp-content\/uploads\/2015\/02\/10911371_715833611857100_6518966414947813880_o.jpg 679w, https:\/\/www.memoiresecondaire.fr\/wp-content\/uploads\/2015\/02\/10911371_715833611857100_6518966414947813880_o-212x300.jpg 212w\" sizes=\"auto, (max-width: 376px) 100vw, 376px\" \/><\/a>Bonjour \u00e0 tous,<\/p>\n<p>Juste un petit message pour vous annoncer que je serai tout le week-end \u00e0 Cannes pour le FIJ, en tant qu&rsquo;invit\u00e9 pour le compte de Radio-r\u00f4liste et Cafe-r\u00f4liste.<\/p>\n<p>Je ferai des interviews pour les deux sites, mais je compte surtout faire de chouettes rencontres et jouer, jouer et peut-\u00eatre encore jouer. Le Samedi soir, je serai probablement \u00e0 la soir\u00e9e Ludovox mais sinon j&rsquo;ai pas de contraintes.<\/p>\n<p>Donc si vous voulez venir me voir, me payer une bi\u00e8re ou discuter de ce que vous voulez, n&rsquo;h\u00e9sitez pas ! Je devrai trainer autour du GRAAL, la section Jdr du festival.<\/p>\n<p>A bient\u00f4t !<\/p>\n<p>Orlanth<\/p>\n","protected":false},"excerpt":{"rendered":"<p>Bonjour \u00e0 tous, Juste un petit message pour vous annoncer que je serai tout le week-end \u00e0 Cannes pour le FIJ, en tant qu&rsquo;invit\u00e9 pour le compte de Radio-r\u00f4liste et Cafe-r\u00f4liste. Je ferai des interviews pour les deux sites, mais je compte surtout faire de chouettes rencontres et jouer, jouer et peut-\u00eatre encore jouer. Le [&hellip;]<\/p>\n","protected":false},"author":1,"featured_media":0,"comment_status":"open","ping_status":"open","sticky":false,"template":"","format":"standard","meta":{"footnotes":""},"categories":[7],"tags":[41,40],"class_list":["post-518","post","type-post","status-publish","format-standard","hentry","category-divers","tag-fij","tag-graal"],"_links":{"self":[{"href":"https:\/\/www.memoiresecondaire.fr\/index.php?rest_route=\/wp\/v2\/posts\/518","targetHints":{"allow":["GET"]}}],"collection":[{"href":"https:\/\/www.memoiresecondaire.fr\/index.php?rest_route=\/wp\/v2\/posts"}],"about":[{"href":"https:\/\/www.memoiresecondaire.fr\/index.php?rest_route=\/wp\/v2\/types\/post"}],"author":[{"embeddable":true,"href":"https:\/\/www.memoiresecondaire.fr\/index.php?rest_route=\/wp\/v2\/users\/1"}],"replies":[{"embeddable":true,"href":"https:\/\/www.memoiresecondaire.fr\/index.php?rest_route=%2Fwp%2Fv2%2Fcomments&post=518"}],"version-history":[{"count":1,"href":"https:\/\/www.memoiresecondaire.fr\/index.php?rest_route=\/wp\/v2\/posts\/518\/revisions"}],"predecessor-version":[{"id":520,"href":"https:\/\/www.memoiresecondaire.fr\/index.php?rest_route=\/wp\/v2\/posts\/518\/revisions\/520"}],"wp:attachment":[{"href":"https:\/\/www.memoiresecondaire.fr\/index.php?rest_route=%2Fwp%2Fv2%2Fmedia&parent=518"}],"wp:term":[{"taxonomy":"category","embeddable":true,"href":"https:\/\/www.memoiresecondaire.fr\/index.php?rest_route=%2Fwp%2Fv2%2Fcategories&post=518"},{"taxonomy":"post_tag","embeddable":true,"href":"https:\/\/www.memoiresecondaire.fr\/index.php?rest_route=%2Fwp%2Fv2%2Ftags&post=518"}],"curies":[{"name":"wp","href":"https:\/\/api.w.org\/{rel}","templated":true}]}}