{"id":530,"date":"2015-03-05T14:45:28","date_gmt":"2015-03-05T12:45:28","guid":{"rendered":"http:\/\/www.memoiresecondaire.fr\/?p=530"},"modified":"2022-02-11T16:19:31","modified_gmt":"2022-02-11T14:19:31","slug":"cafe-roliste-20-fij-et-nice-fiction","status":"publish","type":"post","link":"https:\/\/www.memoiresecondaire.fr\/?p=530","title":{"rendered":"Caf\u00e9-r\u00f4liste #20 &#8211; Fij et Nice-Fiction"},"content":{"rendered":"<p><a href=\"http:\/\/www.memoiresecondaire.fr\/wp-content\/uploads\/2015\/03\/DSC_0240.jpg\"><img loading=\"lazy\" decoding=\"async\" class=\"  alignright wp-image-532 size-medium\" src=\"http:\/\/www.memoiresecondaire.fr\/wp-content\/uploads\/2015\/03\/DSC_0240-300x199.jpg\" alt=\"DSC_0240\" width=\"300\" height=\"199\" srcset=\"https:\/\/www.memoiresecondaire.fr\/wp-content\/uploads\/2015\/03\/DSC_0240-300x199.jpg 300w, https:\/\/www.memoiresecondaire.fr\/wp-content\/uploads\/2015\/03\/DSC_0240-1024x681.jpg 1024w\" sizes=\"auto, (max-width: 300px) 100vw, 300px\" \/><\/a>Pour ce num\u00e9ro de caf\u00e9-r\u00f4liste, je me suis entretenu avec Sybille Marchetto (la pr\u00e9sidente de la FFJDR d\u00e9j\u00e0 au micro il y a quelques temps) et J\u00e9r\u00f4me Gayol qui s&rsquo;occupe de l&rsquo;association GRAAL, de la FFJDR et de bien d&rsquo;autres choses.<\/p>\n<p>Merci \u00e0 eux de m&rsquo;avoir accord\u00e9 cette demi-heure pour parler du FIJ (dont J\u00e9r\u00f4me avait la charge de la partie jeux de simulation incluant le jdr, le GN, wargame etc) et du prochain \u00e9v\u00e8nement Nice-fiction.<\/p>\n<hr>\n<p>Liens<\/p>\n<p><a href=\"http:\/\/nice-fictions.fr\/\" target=\"_blank\" rel=\"noopener\">Nice-fictions<\/a><br>\n<a href=\"http:\/\/www.festivaldesjeux-cannes.com\/\" target=\"_blank\" rel=\"noopener\">FIJ<\/a><br>\n<a href=\"http:\/\/www.graal-sud.com\/category\/manifestations\/festival-international-des-jeux\/quete-du-graal-fij\" target=\"_blank\" rel=\"noopener\">GRAAL<\/a><br>\n<a href=\"http:\/\/www.wikiwand.com\/fr\/Ugo_Bellagamba\" target=\"_blank\" rel=\"noopener\">Ugo Bellagamba sur Wikipedia<\/a><\/p>\n\n\n<figure class=\"wp-block-audio\"><audio controls src=\"https:\/\/www.memoiresecondaire.fr\/wp-content\/uploads\/2022\/02\/FIJ-et-Nice-Fiction-avec-Sybille-et-Jerome.mp3\"><\/audio><\/figure>\n","protected":false},"excerpt":{"rendered":"<p>Pour ce num\u00e9ro de caf\u00e9-r\u00f4liste, je me suis entretenu avec Sybille Marchetto (la pr\u00e9sidente de la FFJDR d\u00e9j\u00e0 au micro il y a quelques temps) et J\u00e9r\u00f4me Gayol qui s&rsquo;occupe de l&rsquo;association GRAAL, de la FFJDR et de bien d&rsquo;autres choses. Merci \u00e0 eux de m&rsquo;avoir accord\u00e9 cette demi-heure pour parler du FIJ (dont J\u00e9r\u00f4me [&hellip;]<\/p>\n","protected":false},"author":1,"featured_media":0,"comment_status":"open","ping_status":"open","sticky":false,"template":"","format":"standard","meta":{"footnotes":""},"categories":[20,21],"tags":[42,41,43],"class_list":["post-530","post","type-post","status-publish","format-standard","hentry","category-cafe-roliste","category-podcast","tag-convention","tag-fij","tag-nice-fiction"],"_links":{"self":[{"href":"https:\/\/www.memoiresecondaire.fr\/index.php?rest_route=\/wp\/v2\/posts\/530","targetHints":{"allow":["GET"]}}],"collection":[{"href":"https:\/\/www.memoiresecondaire.fr\/index.php?rest_route=\/wp\/v2\/posts"}],"about":[{"href":"https:\/\/www.memoiresecondaire.fr\/index.php?rest_route=\/wp\/v2\/types\/post"}],"author":[{"embeddable":true,"href":"https:\/\/www.memoiresecondaire.fr\/index.php?rest_route=\/wp\/v2\/users\/1"}],"replies":[{"embeddable":true,"href":"https:\/\/www.memoiresecondaire.fr\/index.php?rest_route=%2Fwp%2Fv2%2Fcomments&post=530"}],"version-history":[{"count":5,"href":"https:\/\/www.memoiresecondaire.fr\/index.php?rest_route=\/wp\/v2\/posts\/530\/revisions"}],"predecessor-version":[{"id":1730,"href":"https:\/\/www.memoiresecondaire.fr\/index.php?rest_route=\/wp\/v2\/posts\/530\/revisions\/1730"}],"wp:attachment":[{"href":"https:\/\/www.memoiresecondaire.fr\/index.php?rest_route=%2Fwp%2Fv2%2Fmedia&parent=530"}],"wp:term":[{"taxonomy":"category","embeddable":true,"href":"https:\/\/www.memoiresecondaire.fr\/index.php?rest_route=%2Fwp%2Fv2%2Fcategories&post=530"},{"taxonomy":"post_tag","embeddable":true,"href":"https:\/\/www.memoiresecondaire.fr\/index.php?rest_route=%2Fwp%2Fv2%2Ftags&post=530"}],"curies":[{"name":"wp","href":"https:\/\/api.w.org\/{rel}","templated":true}]}}