{"id":565,"date":"2015-04-21T15:15:21","date_gmt":"2015-04-21T13:15:21","guid":{"rendered":"http:\/\/www.memoiresecondaire.fr\/?p=565"},"modified":"2022-02-11T16:21:11","modified_gmt":"2022-02-11T14:21:11","slug":"cafe-roliste-26-nice-fictions-rencontre-avec-le-manoir-du-crime","status":"publish","type":"post","link":"https:\/\/www.memoiresecondaire.fr\/?p=565","title":{"rendered":"Caf\u00e9-r\u00f4liste #26 &#8211; Nice-Fictions &#8211; Rencontre avec le Manoir du crime"},"content":{"rendered":"<p><a href=\"http:\/\/www.memoiresecondaire.fr\/wp-content\/uploads\/2015\/04\/Stephane-et-Fran\u00e7ois.jpg\"><img loading=\"lazy\" decoding=\"async\" class=\"  wp-image-566 alignright\" src=\"http:\/\/www.memoiresecondaire.fr\/wp-content\/uploads\/2015\/04\/Stephane-et-Fran\u00e7ois-300x168.jpg\" alt=\"Stephane et Fran\u00e7ois\" width=\"361\" height=\"202\" srcset=\"https:\/\/www.memoiresecondaire.fr\/wp-content\/uploads\/2015\/04\/Stephane-et-Fran\u00e7ois-300x168.jpg 300w, https:\/\/www.memoiresecondaire.fr\/wp-content\/uploads\/2015\/04\/Stephane-et-Fran\u00e7ois.jpg 960w\" sizes=\"auto, (max-width: 361px) 100vw, 361px\" \/><\/a>Je suis de <strong>retour<\/strong> de Nice, fatigu\u00e9 et ivre de souvenirs ludique apr\u00e8s un <strong>week-end haut en couleur<\/strong> pass\u00e9 au salon <strong>Nice-Fictions<\/strong>, organis\u00e9 par Sybille Marchetto et J\u00e9r\u00f4me Gayol, d\u00e9j\u00e0 au micro il y a quelques num\u00e9ros.<\/p>\n<p>J&rsquo;y ai fait de <strong>nombreuses rencontres<\/strong>, aussi bien dans le milieu litt\u00e9raire que dans le milieu du jeu, \u00e9diteurs et associations. J&rsquo;ai notamment fait la connaissance de <strong>Stephane Barat et Fran\u00e7ois Cherelle<\/strong> (un ancien du studio Deadcrows) qui font partie de l&rsquo;association <strong>Manoir du crime<\/strong>, \u00e0 Montpellier.<\/p>\n<p>Entre autres activit\u00e9s, l&rsquo;association propose des <strong>spectacles<\/strong> et des<strong> murders parties<\/strong> avec comme but avou\u00e9 d&rsquo;\u00eatre une passerelle entre les mondes imaginaires et faire venir le public au <strong>jeu de r\u00f4le<\/strong>, celui qui sent la bi\u00e8re chaude et la pizza froide.<\/p>\n<p>Ils sortent aussi en fin d&rsquo;ann\u00e9e <strong>Venzia<\/strong>, un jeu d\u00e9crit comme <strong>Da vinci-punk<\/strong>, ce qui est dr\u00f4le et suffisamment \u00e9vocateur pour que j&rsquo;ai envie d&rsquo;en savoir plus.<\/p>\n<p>La photo qui illustre cet article provient de l&rsquo;association Ni\u00e7oise, \u00ab\u00a0<a href=\"https:\/\/www.facebook.com\/profile.php?id=100009009202415\" target=\"_blank\" rel=\"noopener\">Onsortlegrandjeu<\/a>\u00ab\u00a0<\/p>\n<hr>\n<p>Liens<br>\n<a href=\"http:\/\/association-manoirducrime.fr\/\" target=\"_blank\" rel=\"noopener\">Manoir du crime<\/a><\/p>\n\n\n<figure class=\"wp-block-audio\"><audio controls src=\"https:\/\/www.memoiresecondaire.fr\/wp-content\/uploads\/2022\/02\/26-Nice-Fictions-Rencontre-avec-le-Manoir-du-crime.mp3\"><\/audio><\/figure>\n","protected":false},"excerpt":{"rendered":"<p>Je suis de retour de Nice, fatigu\u00e9 et ivre de souvenirs ludique apr\u00e8s un week-end haut en couleur pass\u00e9 au salon Nice-Fictions, organis\u00e9 par Sybille Marchetto et J\u00e9r\u00f4me Gayol, d\u00e9j\u00e0 au micro il y a quelques num\u00e9ros. J&rsquo;y ai fait de nombreuses rencontres, aussi bien dans le milieu litt\u00e9raire que dans le milieu du jeu, [&hellip;]<\/p>\n","protected":false},"author":1,"featured_media":0,"comment_status":"open","ping_status":"open","sticky":false,"template":"","format":"standard","meta":{"footnotes":""},"categories":[20,21],"tags":[51,43],"class_list":["post-565","post","type-post","status-publish","format-standard","hentry","category-cafe-roliste","category-podcast","tag-nice","tag-nice-fiction"],"_links":{"self":[{"href":"https:\/\/www.memoiresecondaire.fr\/index.php?rest_route=\/wp\/v2\/posts\/565","targetHints":{"allow":["GET"]}}],"collection":[{"href":"https:\/\/www.memoiresecondaire.fr\/index.php?rest_route=\/wp\/v2\/posts"}],"about":[{"href":"https:\/\/www.memoiresecondaire.fr\/index.php?rest_route=\/wp\/v2\/types\/post"}],"author":[{"embeddable":true,"href":"https:\/\/www.memoiresecondaire.fr\/index.php?rest_route=\/wp\/v2\/users\/1"}],"replies":[{"embeddable":true,"href":"https:\/\/www.memoiresecondaire.fr\/index.php?rest_route=%2Fwp%2Fv2%2Fcomments&post=565"}],"version-history":[{"count":2,"href":"https:\/\/www.memoiresecondaire.fr\/index.php?rest_route=\/wp\/v2\/posts\/565\/revisions"}],"predecessor-version":[{"id":1743,"href":"https:\/\/www.memoiresecondaire.fr\/index.php?rest_route=\/wp\/v2\/posts\/565\/revisions\/1743"}],"wp:attachment":[{"href":"https:\/\/www.memoiresecondaire.fr\/index.php?rest_route=%2Fwp%2Fv2%2Fmedia&parent=565"}],"wp:term":[{"taxonomy":"category","embeddable":true,"href":"https:\/\/www.memoiresecondaire.fr\/index.php?rest_route=%2Fwp%2Fv2%2Fcategories&post=565"},{"taxonomy":"post_tag","embeddable":true,"href":"https:\/\/www.memoiresecondaire.fr\/index.php?rest_route=%2Fwp%2Fv2%2Ftags&post=565"}],"curies":[{"name":"wp","href":"https:\/\/api.w.org\/{rel}","templated":true}]}}