{"id":684,"date":"2016-11-14T16:37:47","date_gmt":"2016-11-14T14:37:47","guid":{"rendered":"http:\/\/www.memoiresecondaire.fr\/?p=684"},"modified":"2016-11-15T18:36:51","modified_gmt":"2016-11-15T16:36:51","slug":"sketch-vous-dites-ca-parce-que-je-suis-noir","status":"publish","type":"post","link":"https:\/\/www.memoiresecondaire.fr\/?p=684","title":{"rendered":"Sketch &#8211; Vous dites \u00e7a parce que je suis Noir"},"content":{"rendered":"<p><em>Un petit sketch \u00e9crit il y a quelques temps comme \u00e7a, inspir\u00e9 d&rsquo;un article du Gorafi pour le th\u00e8me, et des diablogues de <del>Raoul<\/del> Roland Dubillard pour la forme, et que je compte jouer pour une prochaine \u00e9ch\u00e9ance.<\/em><\/p>\n<hr \/>\n<p>UN\u00a0: Vous dites \u00e7a parce que je suis Noir.<\/p>\n<p>DEUX\u00a0: Quoi ? Mais vous n\u2019\u00eates pas Noir.<\/p>\n<p>UN\u00a0: Comment \u00e7a je suis pas Noir ?<\/p>\n<p>DEUX\u00a0: Ben non, vous n\u2019\u00eates pas Noir.<\/p>\n<p>UN\u00a0: Ben si je suis Noir. C\u2019est comme \u00e7a, je peux rien y faire, c\u2019est mon truc, je suis Noir.<\/p>\n<p>DEUX\u00a0: Mais comment vous pouvez dire \u00e7a\u00a0? On voit bien que\u2026 enfin.. vous voyez quoi\u00a0!<\/p>\n<p>UN\u00a0: Non je vois pas. Ah oui, d\u2019accord\u00a0! L\u00e0 non \u00e9videmment. Bien s\u00fbr, \u00e7a ne se voit pas imm\u00e9diatement. Mais d&rsquo;habitude oui, je suis Noir.<\/p>\n<p>DEUX\u00a0: Mouais, c&rsquo;est pas clair votre histoire.<\/p>\n<p>UN\u00a0: Ben non. C\u2019est m\u00eame plut\u00f4t obscur.<\/p>\n<p>DEUX\u00a0: Quand m\u00eame. On dirait pas. \u00c7a m&rsquo;\u00e9tonne un peu.<\/p>\n<p>UN\u00a0: \u00c7a vous \u00e9tonne ?<\/p>\n<p>DEUX\u00a0: Oui<\/p>\n<p>UN\u00a0: Que je sois Noir ?<\/p>\n<p>DEUX\u00a0: Ben oui\u00a0!<\/p>\n<p>UN\u00a0: Vous dites \u00e7a parce que vous \u00eates jaloux.<\/p>\n<p>DEUX\u00a0: Quoi\u00a0quoi quoi\u00a0? Jaloux de quoi\u00a0? Allons, je m\u2019en fiche bien de la couleur des gens. Vous pourriez bien \u00eatre Blanc, Jaune, Noir ou m\u00eame Vert tiens, que je m\u2019en ficherai tout aussi bien.<\/p>\n<p>UN\u00a0: Vert\u00a0? C\u2019est pas banal.<\/p>\n<p>DEUX\u00a0: Je vais vous dire, j\u2019ai m\u00eame connu un pied-noir qu\u2019\u00e9tait peau-rouge. Alors \u00e7a\u00a0!<\/p>\n<p>UN\u00a0: Ah bon\u00a0? Du coup, il \u00e9tait de quelle couleur\u00a0?<\/p>\n<p>DEUX\u00a0: Blanc. Un albinos c\u2019\u00e9tait. Tr\u00e8s sympa comme type. Le c\u0153ur sur la main.<\/p>\n<p>UN\u00a0: Un type g\u00e9n\u00e9reux\u00a0!<\/p>\n<p>DEUX\u00a0: Non, pas particuli\u00e8rement. On l\u2019a retrouv\u00e9 un jour comme \u00e7a, allong\u00e9 par terre, avec son c\u0153ur sur sa main. C\u2019\u00e9tait pas joli \u00e0 voir\u00a0! \u00c7a a fait un foin, je vous dis pas.<\/p>\n<p>UN\u00a0: C\u2019est trop tard.<\/p>\n<p>DEUX\u00a0: Quoi\u00a0?<\/p>\n<p>UN\u00a0: Vous me l\u2019avez dit.<\/p>\n<p><em>(Un temps<\/em>)<\/p>\n<p>DEUX\u00a0: Et vous faites quoi dans la vie ?<\/p>\n<p>UN\u00a0: Moi\u00a0? Je suis acteur, com\u00e9dien, amuseur, pitre et tutti quanti.<\/p>\n<p>DEUX\u00a0: Et tutti quanti\u00a0?<\/p>\n<p>UN\u00a0: Et tutti quanti\u00a0!<\/p>\n<p>DEUX\u00a0: Tutti quanti, c\u2019est pas un m\u00e9tier facile.<\/p>\n<p>UN\u00a0: Ah \u00e7a non, \u00e7a ne l\u2019est pas. Il faut beaucoup travailler. Le jour, la nuit et m\u00eame les week-ends.<\/p>\n<p>DEUX\u00a0: Et vous \u00eates c\u00e9l\u00e8bre\u00a0?<\/p>\n<p>UN\u00a0: Tr\u00e8s\u00a0! Tr\u00e8s c\u00e9l\u00e8bre\u00a0! Mais on ne me voit pas souvent.<\/p>\n<p>DEUX\u00a0: Vous \u00eates c\u00e9l\u00e8bre\u00a0mais on ne vous voit pas\u00a0?<\/p>\n<p>UN\u00a0: C\u2019est que voyez-vous, il n&rsquo;y a pas de boulot tout le temps alors moi, je suis sur une niche.<\/p>\n<p>DEUX\u00a0: Vous avez des chiens\u00a0?<\/p>\n<p>UN\u00a0: J\u2019ai un cr\u00e9neau, un truc \u00e0 moi. Une sp\u00e9cialit\u00e9 disons.<\/p>\n<p>DEUX\u00a0: Une sp\u00e9cialit\u00e9 de niche\u00a0?<\/p>\n<p>UN\u00a0: En quelque sorte.<\/p>\n<p>DEUX\u00a0: Et c&rsquo;est quoi votre niche\u00a0\u00e0 vous\u00a0?<\/p>\n<p>UN\u00a0: Moi je suis l&rsquo;ami des gens.<\/p>\n<p>DEUX\u00a0: Vous \u00eates l\u2019ami des gens ?<\/p>\n<p>UN\u00a0: Oui enfin pas de tout le monde bien s\u00fbr. On m&rsquo;appelle pour certains cas sp\u00e9ciaux. Je travaille pour des gens c\u00e9l\u00e8bres. Pour des humoristes, ou des politiciens des fois\u00a0! Beaucoup de gens font appel \u00e0 moi. Des particuliers aussi.<\/p>\n<p>DEUX\u00a0: Des particuliers\u00a0? Vous allez chez n\u2019importe qui et vous devenez leur ami\u00a0?<\/p>\n<p>UN\u00a0: Pas n\u2019importe qui. Vous savez bien, quand quelqu\u2019un fait une blague douteuse, et que son public s\u2019offusque. C\u2019est l\u00e0 que j\u2019interviens.<\/p>\n<p>DEUX\u00a0: Comment \u00e7a ?<\/p>\n<p>UN\u00a0: Et bien je suis l&rsquo;ami Noir ! Vous savez bien, les gens disent toujours qu\u2019ils ont un ami Noir. Et bien cet ami Noir, c\u2019est moi.<\/p>\n<p>DEUX\u00a0: Mais ! Mais ! Mais c&rsquo;est dingue ! Comment pouvez-vous \u00eatre l&rsquo;ami Noir de tout le monde ! Comme s&rsquo;il n&rsquo;y en avait qu&rsquo;un en plus !<\/p>\n<p>UN\u00a0: De quoi ?<\/p>\n<p>DEUX\u00a0: Mais de Noir !<\/p>\n<p><em>(Un temps)<\/em><\/p>\n<p>UN\u00a0: Vous dites \u00e7a parce que vous \u00eates raciste.<\/p>\n<p>DEUX\u00a0: Je ne suis pas raciste ! En plus, j&rsquo;ai plein d&rsquo;amis Noirs\u00a0!<\/p>\n<p>UN\u00a0: Ah vous voyez\u00a0! Ce sont des acteurs aussi\u00a0?<\/p>\n<p>DEUX\u00a0: Je ne crois pas. Enfin, je ne vois pas le rapport.<\/p>\n<p>UN\u00a0: Parce que si ce sont des acteurs, \u00e7a veut dire que je ne suis pas tout seul sur cette niche alors.<\/p>\n<p>DEUX\u00a0: Faut que \u00e7a soit solide.<\/p>\n<p>UN\u00a0: C&rsquo;est emb\u00eatant tout de m\u00eame. Tous ces Noirs sur le cr\u00e9neau des Noirs. Un peu d\u00e9loyal je dirais m\u00eame.<\/p>\n<p>DEUX\u00a0: Faut vous diversifier.<\/p>\n<p>UN\u00a0: En plus, je n\u2019ai m\u00eame pas d\u2019ami Noir.<\/p>\n<p>DEUX\u00a0: Faire autre chose.<\/p>\n<p>UN\u00a0: Je devrais me diversifier. Tiens, je vais faire Juif. C&rsquo;est bien \u00e7a Juif non ? Comme \u00e7a je pourrais \u00eatre l&rsquo;ami Juif des gens. Ou l&rsquo;ami Noir et Juif des gens. C&rsquo;est pas mal \u00e7a.<\/p>\n<p>DEUX\u00a0: Mais j\u2019y pense, si vous voulez ramener du monde sur votre niche, homosexuel, vous y avez pens\u00e9\u00a0?<\/p>\n<p>UN\u00a0: C&rsquo;est un peu personnel comme question dites donc. Bon, je dirais que \u00e7a m&rsquo;a bien effleur\u00e9, un moment, comme tout le monde, \u00e0 l&rsquo;adolescence je \u2026<\/p>\n<p>DEUX\u00a0: Mais non, je parlais pour votre truc l\u00e0.<\/p>\n<p>UN\u00a0: Ah. Et ben tenez pourquoi pas, comme \u00e7a je gagne sur tous les tableaux. On peut m&rsquo;appeler partout. Je peux m\u00eame cumuler si je veux. Je peux \u00eatre l\u2019ami Noir, Juif et homosexuel des gens qui font des blagues douteuses. Je vais en gagner de l\u2019argent\u00a0!<\/p>\n<p>DEUX\u00a0: Gagner de l\u2019argent\u00a0? Parce que vous serez l\u2019ami Juif des gens qui font des blagues douteuses\u00a0? Et vous\u00a0? Vous ne trouvez pas \u00e7a douteux\u00a0?<\/p>\n<p>UN\u00a0: Oh, pour \u00e7a, \u00e7a va. J\u2019ai un ami Juif\u00a0!<\/p>\n<p>&nbsp;<\/p>\n","protected":false},"excerpt":{"rendered":"<p>Un petit sketch \u00e9crit il y a quelques temps comme \u00e7a, inspir\u00e9 d&rsquo;un article du Gorafi pour le th\u00e8me, et des diablogues de Raoul Roland Dubillard pour la forme, et que je compte jouer pour une prochaine \u00e9ch\u00e9ance. UN\u00a0: Vous dites \u00e7a parce que je suis Noir. DEUX\u00a0: Quoi ? Mais vous n\u2019\u00eates pas Noir. [&hellip;]<\/p>\n","protected":false},"author":1,"featured_media":0,"comment_status":"open","ping_status":"open","sticky":false,"template":"","format":"standard","meta":{"footnotes":""},"categories":[23,52],"tags":[],"class_list":["post-684","post","type-post","status-publish","format-standard","hentry","category-ecriture","category-theatre"],"_links":{"self":[{"href":"https:\/\/www.memoiresecondaire.fr\/index.php?rest_route=\/wp\/v2\/posts\/684","targetHints":{"allow":["GET"]}}],"collection":[{"href":"https:\/\/www.memoiresecondaire.fr\/index.php?rest_route=\/wp\/v2\/posts"}],"about":[{"href":"https:\/\/www.memoiresecondaire.fr\/index.php?rest_route=\/wp\/v2\/types\/post"}],"author":[{"embeddable":true,"href":"https:\/\/www.memoiresecondaire.fr\/index.php?rest_route=\/wp\/v2\/users\/1"}],"replies":[{"embeddable":true,"href":"https:\/\/www.memoiresecondaire.fr\/index.php?rest_route=%2Fwp%2Fv2%2Fcomments&post=684"}],"version-history":[{"count":4,"href":"https:\/\/www.memoiresecondaire.fr\/index.php?rest_route=\/wp\/v2\/posts\/684\/revisions"}],"predecessor-version":[{"id":688,"href":"https:\/\/www.memoiresecondaire.fr\/index.php?rest_route=\/wp\/v2\/posts\/684\/revisions\/688"}],"wp:attachment":[{"href":"https:\/\/www.memoiresecondaire.fr\/index.php?rest_route=%2Fwp%2Fv2%2Fmedia&parent=684"}],"wp:term":[{"taxonomy":"category","embeddable":true,"href":"https:\/\/www.memoiresecondaire.fr\/index.php?rest_route=%2Fwp%2Fv2%2Fcategories&post=684"},{"taxonomy":"post_tag","embeddable":true,"href":"https:\/\/www.memoiresecondaire.fr\/index.php?rest_route=%2Fwp%2Fv2%2Ftags&post=684"}],"curies":[{"name":"wp","href":"https:\/\/api.w.org\/{rel}","templated":true}]}}