{"id":69,"date":"2014-08-08T09:37:41","date_gmt":"2014-08-08T09:37:41","guid":{"rendered":"http:\/\/www.memoiresecondaire.fr\/?p=69"},"modified":"2014-08-08T11:24:40","modified_gmt":"2014-08-08T11:24:40","slug":"the-strain","status":"publish","type":"post","link":"https:\/\/www.memoiresecondaire.fr\/?p=69","title":{"rendered":"The strain"},"content":{"rendered":"<p>J&rsquo;ai vu le pilote de <a href=\"http:\/\/www.allocine.fr\/series\/ficheserie_gen_cserie=11467.html\">The Strain<\/a>, une s\u00e9rie cr\u00e9\u00e9e par le prestigieux Guillermo del toro, sur le th\u00e8me des vampires, \u00e0 notre \u00e9poque.<\/p>\n<p>En bon r\u00f4liste il fallait que je vois cette s\u00e9rie aux accents tr\u00e8s <a href=\"http:\/\/www.legrog.org\/jeux\/vampire-la-mascarade\">Vampire: La masquarade<\/a> et pour le coup, je n&rsquo;ai pas \u00e9t\u00e9 d\u00e9\u00e7u.<\/p>\n<p><a href=\"http:\/\/www.memoiresecondaire.fr\/wp-content\/uploads\/2014\/08\/Ventrues1.png\"><img loading=\"lazy\" decoding=\"async\" class=\"alignright wp-image-90 size-medium\" title=\"Ventrues\" src=\"http:\/\/www.memoiresecondaire.fr\/wp-content\/uploads\/2014\/08\/Ventrues1-300x168.png\" alt=\"\" width=\"300\" height=\"168\" srcset=\"https:\/\/www.memoiresecondaire.fr\/wp-content\/uploads\/2014\/08\/Ventrues1-300x168.png 300w, https:\/\/www.memoiresecondaire.fr\/wp-content\/uploads\/2014\/08\/Ventrues1-1024x576.png 1024w, https:\/\/www.memoiresecondaire.fr\/wp-content\/uploads\/2014\/08\/Ventrues1.png 1280w\" sizes=\"auto, (max-width: 300px) 100vw, 300px\" \/><\/a> Le pilote montre l&rsquo;arriv\u00e9e aux US d&rsquo;un\u00a0 monstre, probablement un ancien vampire dormant dans un joli cercueil de 3m de haut, manifestement tr\u00e8s attendu par une bande de Ventrue voulant foutre la ville \u00e0 feu et \u00e0 sang. Pendant ce temps, un docteur sp\u00e9cialiste des virus enqu\u00eate sur l&rsquo;avion qui a servi \u00e0 transporter le monstre, et d\u00e9couvre outre le fait que quasiment tout le monde est mort, des sortes de petits vers au comportement agressif. Une seule personne semble comprendre ce qu&rsquo;il se passe, un vieux Juif bien badass qui reconnait les signes d&rsquo;une pr\u00e9sence vampirique.<\/p>\n<p>J&rsquo;ai aim\u00e9 l&rsquo;ambiance particuli\u00e8rement sombre qui se d\u00e9gage de la ville. Evidemment il fait nuit tout le temps, les Ventrues sont des puissants qui (mort)vivent dans une tour en ville, il y a des humains qui travaillent pour eux contraints et forc\u00e9s et le monstre, si on le voit peu, exprime des pouvoirs connus des vieux joueurs comme moi, Domination, Puissance, C\u00e9l\u00e9rit\u00e9, tout y est. Quelques sc\u00e8nes sont particuli\u00e8rement gores, il faut juste s&rsquo;y attendre. Je m&rsquo;en doutais mais \u00e7a surprend quand m\u00eame un peu.<\/p>\n<p><a href=\"http:\/\/www.memoiresecondaire.fr\/wp-content\/uploads\/2014\/08\/Sarkonian1.png\"><img loading=\"lazy\" decoding=\"async\" class=\"alignleft wp-image-91 size-medium\" src=\"http:\/\/www.memoiresecondaire.fr\/wp-content\/uploads\/2014\/08\/Sarkonian1-300x168.png\" alt=\"\" width=\"300\" height=\"168\" srcset=\"https:\/\/www.memoiresecondaire.fr\/wp-content\/uploads\/2014\/08\/Sarkonian1-300x168.png 300w, https:\/\/www.memoiresecondaire.fr\/wp-content\/uploads\/2014\/08\/Sarkonian1-1024x576.png 1024w, https:\/\/www.memoiresecondaire.fr\/wp-content\/uploads\/2014\/08\/Sarkonian1.png 1280w\" sizes=\"auto, (max-width: 300px) 100vw, 300px\" \/><\/a>Certains personnages ont du potentiel, notamment deux survivants de l&rsquo;attaque de l&rsquo;avion qui produiront des vampires tr\u00e8s acceptables \u00e0 mon gout et le Juif qui fait tr\u00e8s chasseur de vampire sur le retour sur le mode : \u00ab\u00a0\u00e9coutez-moi bande de con, je sais ce qu&rsquo;il se passe et \u00e7a va chier s\u00e9v\u00e8re\u00a0\u00bb.<\/p>\n<p>J&rsquo;ai moins aim\u00e9 le personnage principal, qui, comme d&rsquo;habitude, se bat contre des probl\u00e8mes avec sa femme et veut garder son fils et \u00e0 une t\u00eate d&rsquo;am\u00e9ricain moyen blanc absolument interchangeable. Je crois que les am\u00e9ricains ne savent pas faire une s\u00e9rie sans y ins\u00e9rer des romances de merde ou des persos bien dans leur peau.<\/p>\n<p><a href=\"http:\/\/www.memoiresecondaire.fr\/wp-content\/uploads\/2014\/08\/Cercueil1.png\"><img loading=\"lazy\" decoding=\"async\" class=\"alignright wp-image-92 size-medium\" src=\"http:\/\/www.memoiresecondaire.fr\/wp-content\/uploads\/2014\/08\/Cercueil1-300x168.png\" alt=\"\" width=\"300\" height=\"168\" srcset=\"https:\/\/www.memoiresecondaire.fr\/wp-content\/uploads\/2014\/08\/Cercueil1-300x168.png 300w, https:\/\/www.memoiresecondaire.fr\/wp-content\/uploads\/2014\/08\/Cercueil1-1024x576.png 1024w, https:\/\/www.memoiresecondaire.fr\/wp-content\/uploads\/2014\/08\/Cercueil1.png 1280w\" sizes=\"auto, (max-width: 300px) 100vw, 300px\" \/><\/a>Donc si vous \u00e9tiez joueur de Vampire le jeu de r\u00f4le, ou le jeu vid\u00e9o <a href=\"https:\/\/en.wikipedia.org\/wiki\/Vampire:_The_Masquerade_%E2%80%93_Bloodlines\">Bloodline<\/a>, si vous avez envie de retrouver cette ambiance de complots et de violence entre gens de bonne compagnie ou si vous aimez l&rsquo;esth\u00e9tique sanglante et les sc\u00e8nes gores, The Strain comblera probablement vos attentes.<\/p>\n<p>Et les miennes.<\/p>\n","protected":false},"excerpt":{"rendered":"<p>J&rsquo;ai vu le pilote de The Strain, une s\u00e9rie cr\u00e9\u00e9e par le prestigieux Guillermo del toro, sur le th\u00e8me des vampires, \u00e0 notre \u00e9poque. En bon r\u00f4liste il fallait que je vois cette s\u00e9rie aux accents tr\u00e8s Vampire: La masquarade et pour le coup, je n&rsquo;ai pas \u00e9t\u00e9 d\u00e9\u00e7u. Le pilote montre l&rsquo;arriv\u00e9e aux US [&hellip;]<\/p>\n","protected":false},"author":1,"featured_media":0,"comment_status":"open","ping_status":"open","sticky":false,"template":"","format":"standard","meta":{"footnotes":""},"categories":[15],"tags":[16,17],"class_list":["post-69","post","type-post","status-publish","format-standard","hentry","category-avis-et-critiques","tag-serie","tag-vampire"],"_links":{"self":[{"href":"https:\/\/www.memoiresecondaire.fr\/index.php?rest_route=\/wp\/v2\/posts\/69","targetHints":{"allow":["GET"]}}],"collection":[{"href":"https:\/\/www.memoiresecondaire.fr\/index.php?rest_route=\/wp\/v2\/posts"}],"about":[{"href":"https:\/\/www.memoiresecondaire.fr\/index.php?rest_route=\/wp\/v2\/types\/post"}],"author":[{"embeddable":true,"href":"https:\/\/www.memoiresecondaire.fr\/index.php?rest_route=\/wp\/v2\/users\/1"}],"replies":[{"embeddable":true,"href":"https:\/\/www.memoiresecondaire.fr\/index.php?rest_route=%2Fwp%2Fv2%2Fcomments&post=69"}],"version-history":[{"count":16,"href":"https:\/\/www.memoiresecondaire.fr\/index.php?rest_route=\/wp\/v2\/posts\/69\/revisions"}],"predecessor-version":[{"id":93,"href":"https:\/\/www.memoiresecondaire.fr\/index.php?rest_route=\/wp\/v2\/posts\/69\/revisions\/93"}],"wp:attachment":[{"href":"https:\/\/www.memoiresecondaire.fr\/index.php?rest_route=%2Fwp%2Fv2%2Fmedia&parent=69"}],"wp:term":[{"taxonomy":"category","embeddable":true,"href":"https:\/\/www.memoiresecondaire.fr\/index.php?rest_route=%2Fwp%2Fv2%2Fcategories&post=69"},{"taxonomy":"post_tag","embeddable":true,"href":"https:\/\/www.memoiresecondaire.fr\/index.php?rest_route=%2Fwp%2Fv2%2Ftags&post=69"}],"curies":[{"name":"wp","href":"https:\/\/api.w.org\/{rel}","templated":true}]}}