{"id":705,"date":"2016-12-05T18:28:30","date_gmt":"2016-12-05T16:28:30","guid":{"rendered":"http:\/\/www.memoiresecondaire.fr\/?p=705"},"modified":"2016-12-06T15:58:14","modified_gmt":"2016-12-06T13:58:14","slug":"des-bieres-a-noel","status":"publish","type":"post","link":"https:\/\/www.memoiresecondaire.fr\/?p=705","title":{"rendered":"Des bi\u00e8res \u00e0 No\u00ebl"},"content":{"rendered":"<p><em>Article pas sponsoris\u00e9 du tout, ce n&rsquo;est pas de la pub, et je n&rsquo;ai pas \u00e9t\u00e9 pay\u00e9.<\/em><\/p>\n<hr \/>\n<p><img loading=\"lazy\" decoding=\"async\" class=\"wp-image-706 size-medium alignright\" src=\"http:\/\/www.memoiresecondaire.fr\/wp-content\/uploads\/2016\/12\/Avent-bi\u00e8re-199x300.jpg\" alt=\"avent-biere\" width=\"199\" height=\"300\" srcset=\"https:\/\/www.memoiresecondaire.fr\/wp-content\/uploads\/2016\/12\/Avent-bi\u00e8re-199x300.jpg 199w, https:\/\/www.memoiresecondaire.fr\/wp-content\/uploads\/2016\/12\/Avent-bi\u00e8re-768x1160.jpg 768w, https:\/\/www.memoiresecondaire.fr\/wp-content\/uploads\/2016\/12\/Avent-bi\u00e8re-678x1024.jpg 678w, https:\/\/www.memoiresecondaire.fr\/wp-content\/uploads\/2016\/12\/Avent-bi\u00e8re.jpg 1542w\" sizes=\"auto, (max-width: 199px) 100vw, 199px\" \/><\/p>\n<p>Il y quelques semaines, plusieurs personnes connaissant mon amour pour la bi\u00e8re m&rsquo;ont envoy\u00e9 des messages pas subliminaux du tout sur l&rsquo;existence d&rsquo;un calendrier de l&rsquo;avent des bi\u00e8res. Il m&rsquo;a pas fallu plus de 5 minutes pour que j&rsquo;aille commander ce package sur <a href=\"https:\/\/www.google.de\/url?sa=t&amp;rct=j&amp;q=&amp;esrc=s&amp;source=web&amp;cd=1&amp;cad=rja&amp;uact=8&amp;ved=0ahUKEwiki72hsN3QAhVWwWMKHfo1DqEQFgg4MAA&amp;url=http%3A%2F%2Fwww.saveur-biere.com%2F&amp;usg=AFQjCNHTPht2kuOQiYgjEBdK3jrDdTnUqQ\">Saveur bi\u00e8re<\/a>, un site de vente par correspondance que je ne connaissais absolument pas avant ce fabuleux coup marketing.<\/p>\n<p>La commande s&rsquo;est effectu\u00e9e sans aucun probl\u00e8me, tr\u00e8s rapidement.<\/p>\n<p>J&rsquo;ai re\u00e7u trois mails avant la livraison en point relais et tout s&rsquo;est pass\u00e9 parfaitement malgr\u00e9 l&rsquo;affluence et le nombre de commande. C&rsquo;est assez rare pour \u00eatre signal\u00e9 (il y en avait au 5 ou 6 en attente en plus de la mienne au point-relais, une petite boutique de fleur dans ma ville loin de la capitale, j&rsquo;imagine pas ce que \u00e7a a donn\u00e9 pour les autres).<\/p>\n<p>Faisant parti des pr\u00e9-commande, j&rsquo;ai re\u00e7u en cadeau une sorte de tapis pour poser sa bi\u00e8re, deux verres et un decapsuleur, le tout d&rsquo;une qualit\u00e9 moyenne (verre fin, d\u00e9cap en m\u00e9tal d\u00e9coup\u00e9 un peu brutalement).<\/p>\n<p>Le colis faisant 22kg j&rsquo;ai un peu gal\u00e9r\u00e9 \u00e0 le ramener chez moi en transport en commun, mais bon on a rien sans rien.<\/p>\n<p>Ensuite j&rsquo;ai attendu.<\/p>\n<p>Et voici ce que j&rsquo;ai d\u00e9couvert, jour apr\u00e8s jour.<\/p>\n<hr \/>\n<p><em><img loading=\"lazy\" decoding=\"async\" class=\"wp-image-709 size-medium alignright\" src=\"http:\/\/www.memoiresecondaire.fr\/wp-content\/uploads\/2016\/12\/Basqueland-Season-225x300.jpg\" alt=\"basqueland-season\" width=\"225\" height=\"300\" srcset=\"https:\/\/www.memoiresecondaire.fr\/wp-content\/uploads\/2016\/12\/Basqueland-Season-225x300.jpg 225w, https:\/\/www.memoiresecondaire.fr\/wp-content\/uploads\/2016\/12\/Basqueland-Season-768x1024.jpg 768w, https:\/\/www.memoiresecondaire.fr\/wp-content\/uploads\/2016\/12\/Basqueland-Season.jpg 1280w\" sizes=\"auto, (max-width: 225px) 100vw, 225px\" \/><\/em><\/p>\n<p><strong>1er D\u00e9cembre<\/strong><\/p>\n<p><em>Saison Basqueland Brewing Project<\/em><\/p>\n<p>L\u00e9g\u00e8re et fraiche, un peu d&rsquo;artume mais pas trop, des ar\u00f4mes d&rsquo;agrumes, une longueur en bouche moyenne, \u00e7a p\u00e9tille un peu.<\/p>\n<p>J&rsquo;ai \u00e9t\u00e9 un peu surpris, en bien, par cette premi\u00e8re bi\u00e8re au go\u00fbt d\u00e9licat mais bien pr\u00e9sent.<\/p>\n<p>Note : 4\/5 sur l&rsquo;\u00e9chelle de moi<\/p>\n<hr \/>\n<p><img loading=\"lazy\" decoding=\"async\" class=\"wp-image-712 size-medium alignright\" src=\"http:\/\/www.memoiresecondaire.fr\/wp-content\/uploads\/2016\/12\/Hara-kiri-225x300.jpg\" alt=\"hara-kiri\" width=\"225\" height=\"300\" srcset=\"https:\/\/www.memoiresecondaire.fr\/wp-content\/uploads\/2016\/12\/Hara-kiri-225x300.jpg 225w, https:\/\/www.memoiresecondaire.fr\/wp-content\/uploads\/2016\/12\/Hara-kiri.jpg 756w\" sizes=\"auto, (max-width: 225px) 100vw, 225px\" \/><\/p>\n<p><strong>2 D\u00e9cembre<\/strong><\/p>\n<p><em>Hara-Kiri<\/em><\/p>\n<p>Un peu comme la premi\u00e8re mais en moins bien. L\u00e9g\u00e8re aussi. Un poil plus houblonn\u00e9e, elle me parait surtout un peu plus fade. Pas mauvaise du tout mais rien de transcendant, surtout apr\u00e8s celle du premier jour.<\/p>\n<p>&nbsp;<\/p>\n<p>Note : 2.5<\/p>\n<hr \/>\n<p><strong><img loading=\"lazy\" decoding=\"async\" class=\"alignright wp-image-719 size-medium\" src=\"http:\/\/www.memoiresecondaire.fr\/wp-content\/uploads\/2016\/12\/Baltic-Porter-176x300.jpg\" alt=\"baltic-porter\" width=\"176\" height=\"300\" srcset=\"https:\/\/www.memoiresecondaire.fr\/wp-content\/uploads\/2016\/12\/Baltic-Porter-176x300.jpg 176w, https:\/\/www.memoiresecondaire.fr\/wp-content\/uploads\/2016\/12\/Baltic-Porter-600x1024.jpg 600w, https:\/\/www.memoiresecondaire.fr\/wp-content\/uploads\/2016\/12\/Baltic-Porter.jpg 640w\" sizes=\"auto, (max-width: 176px) 100vw, 176px\" \/>3 D\u00e9cembre<\/strong><\/p>\n<p><em>Winter Gorilla Baltic Porter<\/em><\/p>\n<p>Une porter toute en puissance, aux ar\u00f4mes prononc\u00e9s de caf\u00e9 et de r\u00e9glisse mais sans \u00eatre \u00e9c\u0153urant. Une tr\u00e8s grande longueur en bouche (on sent encore le gout apr\u00e8s une minute). Une amertume plut\u00f4t faible.<\/p>\n<p>J&rsquo;ai ador\u00e9, mais j&rsquo;avoue particuli\u00e8rement aimer les stouts et les porters, alors je suis pas objectif. Je vais essayer de la retrouver en magasin celle-ci.<\/p>\n<p>Note : 4.5\/5 pour les gens qui aiment les go\u00fbts francs et directs.<\/p>\n<hr \/>\n<p><strong><img loading=\"lazy\" decoding=\"async\" class=\"alignright wp-image-721 size-medium\" src=\"http:\/\/www.memoiresecondaire.fr\/wp-content\/uploads\/2016\/12\/Winter-IPA-201x300.jpg\" alt=\"winter-ipa\" width=\"201\" height=\"300\" srcset=\"https:\/\/www.memoiresecondaire.fr\/wp-content\/uploads\/2016\/12\/Winter-IPA-201x300.jpg 201w, https:\/\/www.memoiresecondaire.fr\/wp-content\/uploads\/2016\/12\/Winter-IPA-768x1148.jpg 768w, https:\/\/www.memoiresecondaire.fr\/wp-content\/uploads\/2016\/12\/Winter-IPA-685x1024.jpg 685w, https:\/\/www.memoiresecondaire.fr\/wp-content\/uploads\/2016\/12\/Winter-IPA.jpg 1340w\" sizes=\"auto, (max-width: 201px) 100vw, 201px\" \/>4 D\u00e9cembre<\/strong><\/p>\n<p>Winter IPA de chez Buxton Brewery<\/p>\n<p>Une IPA cors\u00e9e, \u00e0 l&rsquo;amertume prononc\u00e9e mais g\u00e9rable. L\u00e9g\u00e8rement sucr\u00e9e elle se boit tr\u00e8s bien, avec un go\u00fbt l\u00e9g\u00e8rement acidul\u00e9. J&rsquo;ai bien aim\u00e9 m\u00eame si elle n&rsquo;est pas exceptionnelle.<\/p>\n<p>Note : 3\/5<\/p>\n","protected":false},"excerpt":{"rendered":"<p>Article pas sponsoris\u00e9 du tout, ce n&rsquo;est pas de la pub, et je n&rsquo;ai pas \u00e9t\u00e9 pay\u00e9. Il y quelques semaines, plusieurs personnes connaissant mon amour pour la bi\u00e8re m&rsquo;ont envoy\u00e9 des messages pas subliminaux du tout sur l&rsquo;existence d&rsquo;un calendrier de l&rsquo;avent des bi\u00e8res. Il m&rsquo;a pas fallu plus de 5 minutes pour que [&hellip;]<\/p>\n","protected":false},"author":1,"featured_media":0,"comment_status":"open","ping_status":"open","sticky":false,"template":"","format":"standard","meta":{"footnotes":""},"categories":[15],"tags":[],"class_list":["post-705","post","type-post","status-publish","format-standard","hentry","category-avis-et-critiques"],"_links":{"self":[{"href":"https:\/\/www.memoiresecondaire.fr\/index.php?rest_route=\/wp\/v2\/posts\/705","targetHints":{"allow":["GET"]}}],"collection":[{"href":"https:\/\/www.memoiresecondaire.fr\/index.php?rest_route=\/wp\/v2\/posts"}],"about":[{"href":"https:\/\/www.memoiresecondaire.fr\/index.php?rest_route=\/wp\/v2\/types\/post"}],"author":[{"embeddable":true,"href":"https:\/\/www.memoiresecondaire.fr\/index.php?rest_route=\/wp\/v2\/users\/1"}],"replies":[{"embeddable":true,"href":"https:\/\/www.memoiresecondaire.fr\/index.php?rest_route=%2Fwp%2Fv2%2Fcomments&post=705"}],"version-history":[{"count":11,"href":"https:\/\/www.memoiresecondaire.fr\/index.php?rest_route=\/wp\/v2\/posts\/705\/revisions"}],"predecessor-version":[{"id":736,"href":"https:\/\/www.memoiresecondaire.fr\/index.php?rest_route=\/wp\/v2\/posts\/705\/revisions\/736"}],"wp:attachment":[{"href":"https:\/\/www.memoiresecondaire.fr\/index.php?rest_route=%2Fwp%2Fv2%2Fmedia&parent=705"}],"wp:term":[{"taxonomy":"category","embeddable":true,"href":"https:\/\/www.memoiresecondaire.fr\/index.php?rest_route=%2Fwp%2Fv2%2Fcategories&post=705"},{"taxonomy":"post_tag","embeddable":true,"href":"https:\/\/www.memoiresecondaire.fr\/index.php?rest_route=%2Fwp%2Fv2%2Ftags&post=705"}],"curies":[{"name":"wp","href":"https:\/\/api.w.org\/{rel}","templated":true}]}}