{"id":738,"date":"2016-12-27T13:56:10","date_gmt":"2016-12-27T11:56:10","guid":{"rendered":"http:\/\/www.memoiresecondaire.fr\/?p=738"},"modified":"2016-12-27T13:56:10","modified_gmt":"2016-12-27T11:56:10","slug":"bieres-de-noel-le-retour","status":"publish","type":"post","link":"https:\/\/www.memoiresecondaire.fr\/?p=738","title":{"rendered":"Bi\u00e8res de No\u00ebl, le retour"},"content":{"rendered":"<p><em>Article toujours pas sponsoris\u00e9 hein \ud83d\ude42<\/em><\/p>\n<hr \/>\n<p>Ce mois de D\u00e9cembre ayant \u00e9t\u00e9 particuli\u00e8rement charg\u00e9, c\u00f4t\u00e9 activit\u00e9 th\u00e9\u00e2trale, je n&rsquo;ai pas vraiment pu mettre \u00e0 jour comme je le souhaitais l&rsquo;article sur le calendrier de l&rsquo;avent. Impossible de boire une bi\u00e8re par jour et de la critiquer dans la foul\u00e9e.<\/p>\n<p>Je me suis dit que j&rsquo;allais plut\u00f4t mettre ici les bi\u00e8res qui m&rsquo;ont marqu\u00e9.<\/p>\n<p>D\u00e9j\u00e0, dans l&rsquo;ensemble, presque toutes \u00e9taient au moins bonnes, aucune fausse note \u00e0 mon go\u00fbt, plein de d\u00e9couvertes, parfois un peu sp\u00e9cial, mais apr\u00e8s tout, je voulais \u00eatre surpris, j&rsquo;ai \u00e9t\u00e9 servis.<\/p>\n<p>Mes pr\u00e9f\u00e9r\u00e9s, et probablement les plus surprenantes, sont donc les suivantes.<\/p>\n<p><img loading=\"lazy\" decoding=\"async\" class=\"wp-image-709 size-medium aligncenter\" src=\"http:\/\/www.memoiresecondaire.fr\/wp-content\/uploads\/2016\/12\/Basqueland-Season-225x300.jpg\" width=\"225\" height=\"300\" srcset=\"https:\/\/www.memoiresecondaire.fr\/wp-content\/uploads\/2016\/12\/Basqueland-Season-225x300.jpg 225w, https:\/\/www.memoiresecondaire.fr\/wp-content\/uploads\/2016\/12\/Basqueland-Season-768x1024.jpg 768w, https:\/\/www.memoiresecondaire.fr\/wp-content\/uploads\/2016\/12\/Basqueland-Season.jpg 1280w\" sizes=\"auto, (max-width: 225px) 100vw, 225px\" \/><\/p>\n<p><img loading=\"lazy\" decoding=\"async\" class=\"wp-image-719 size-medium aligncenter\" src=\"http:\/\/www.memoiresecondaire.fr\/wp-content\/uploads\/2016\/12\/Baltic-Porter-176x300.jpg\" width=\"176\" height=\"300\" srcset=\"https:\/\/www.memoiresecondaire.fr\/wp-content\/uploads\/2016\/12\/Baltic-Porter-176x300.jpg 176w, https:\/\/www.memoiresecondaire.fr\/wp-content\/uploads\/2016\/12\/Baltic-Porter-600x1024.jpg 600w, https:\/\/www.memoiresecondaire.fr\/wp-content\/uploads\/2016\/12\/Baltic-Porter.jpg 640w\" sizes=\"auto, (max-width: 176px) 100vw, 176px\" \/><\/p>\n<p>J&rsquo;ai d\u00e9j\u00e0 parl\u00e9 des deux premi\u00e8res dans <a href=\"http:\/\/www.memoiresecondaire.fr\/?p=705\">l&rsquo;article pr\u00e9c\u00e9dent<\/a>, je ne vais pas y revenir.<\/p>\n<p><img loading=\"lazy\" decoding=\"async\" class=\"wp-image-742 size-medium aligncenter\" src=\"http:\/\/www.memoiresecondaire.fr\/wp-content\/uploads\/2016\/12\/Cocoa-mint-225x300.jpg\" width=\"225\" height=\"300\" srcset=\"https:\/\/www.memoiresecondaire.fr\/wp-content\/uploads\/2016\/12\/Cocoa-mint-225x300.jpg 225w, https:\/\/www.memoiresecondaire.fr\/wp-content\/uploads\/2016\/12\/Cocoa-mint-768x1024.jpg 768w, https:\/\/www.memoiresecondaire.fr\/wp-content\/uploads\/2016\/12\/Cocoa-mint.jpg 1512w\" sizes=\"auto, (max-width: 225px) 100vw, 225px\" \/><\/p>\n<p>Pour celle-ci et la suivante, elles portent bien leur nom. Des saveur de chocolat, et de menthe pour la Cocoa Mint, on \u00e0 l&rsquo;impression de boire des After Eight. J&rsquo;adore les After Eight, mais \u00e0 boire c&rsquo;est bizarre.<\/p>\n<p><img loading=\"lazy\" decoding=\"async\" class=\"wp-image-741 size-medium aligncenter\" src=\"http:\/\/www.memoiresecondaire.fr\/wp-content\/uploads\/2016\/12\/XMas-Chocolate-Muffin-225x300.jpg\" width=\"225\" height=\"300\" srcset=\"https:\/\/www.memoiresecondaire.fr\/wp-content\/uploads\/2016\/12\/XMas-Chocolate-Muffin-225x300.jpg 225w, https:\/\/www.memoiresecondaire.fr\/wp-content\/uploads\/2016\/12\/XMas-Chocolate-Muffin-768x1024.jpg 768w, https:\/\/www.memoiresecondaire.fr\/wp-content\/uploads\/2016\/12\/XMas-Chocolate-Muffin.jpg 1512w\" sizes=\"auto, (max-width: 225px) 100vw, 225px\" \/><\/p>\n<p>Pour la XMax c&rsquo;est plus doux et le go\u00fbt est un peu p\u00e9tillant si je me souviens bien. On sent bien le chocolat par contre.<\/p>\n<p><img loading=\"lazy\" decoding=\"async\" class=\"aligncenter wp-image-745 size-medium\" src=\"http:\/\/www.memoiresecondaire.fr\/wp-content\/uploads\/2016\/12\/Sanishlaus-225x300.jpg\" width=\"225\" height=\"300\" srcset=\"https:\/\/www.memoiresecondaire.fr\/wp-content\/uploads\/2016\/12\/Sanishlaus-225x300.jpg 225w, https:\/\/www.memoiresecondaire.fr\/wp-content\/uploads\/2016\/12\/Sanishlaus-768x1024.jpg 768w, https:\/\/www.memoiresecondaire.fr\/wp-content\/uploads\/2016\/12\/Sanishlaus.jpg 1512w\" sizes=\"auto, (max-width: 225px) 100vw, 225px\" \/><\/p>\n<p>L&rsquo;une de mes pr\u00e9f\u00e9r\u00e9s. Forte en go\u00fbt en alcool. Pas mal d&rsquo;\u00e9pices douces-am\u00e8res, elle me fait penser \u00e0 du Jagermaester avec des bulles.<\/p>\n<p>Comme d&rsquo;habitude, les porters, les stouts et les plus fortes m&rsquo;ont marqu\u00e9s mais il y&rsquo;en a bien d&rsquo;autres d&rsquo;excellentes, comme l&rsquo;Abominable snowman ou l&rsquo;Einst\u00f6ck islandaise, mais je ne vais pas toutes les citer.<\/p>\n<p>En conclusion, un achat dont je suis tr\u00e8s content, et que je renouvellerais sans doute.<\/p>\n<p>Et je pense faire un tour sur <a href=\"http:\/\/saveur-biere.com\/\">Saveur-bi\u00e8re<\/a> pour retrouver celles qui m&rsquo;ont plu ou en d\u00e9couvrir d&rsquo;autres.<\/p>\n<p>Et vous ? Des d\u00e9couvertes ?<\/p>\n","protected":false},"excerpt":{"rendered":"<p>Article toujours pas sponsoris\u00e9 hein \ud83d\ude42 Ce mois de D\u00e9cembre ayant \u00e9t\u00e9 particuli\u00e8rement charg\u00e9, c\u00f4t\u00e9 activit\u00e9 th\u00e9\u00e2trale, je n&rsquo;ai pas vraiment pu mettre \u00e0 jour comme je le souhaitais l&rsquo;article sur le calendrier de l&rsquo;avent. Impossible de boire une bi\u00e8re par jour et de la critiquer dans la foul\u00e9e. Je me suis dit que j&rsquo;allais [&hellip;]<\/p>\n","protected":false},"author":1,"featured_media":0,"comment_status":"open","ping_status":"open","sticky":false,"template":"","format":"standard","meta":{"footnotes":""},"categories":[15],"tags":[60],"class_list":["post-738","post","type-post","status-publish","format-standard","hentry","category-avis-et-critiques","tag-bieres"],"_links":{"self":[{"href":"https:\/\/www.memoiresecondaire.fr\/index.php?rest_route=\/wp\/v2\/posts\/738","targetHints":{"allow":["GET"]}}],"collection":[{"href":"https:\/\/www.memoiresecondaire.fr\/index.php?rest_route=\/wp\/v2\/posts"}],"about":[{"href":"https:\/\/www.memoiresecondaire.fr\/index.php?rest_route=\/wp\/v2\/types\/post"}],"author":[{"embeddable":true,"href":"https:\/\/www.memoiresecondaire.fr\/index.php?rest_route=\/wp\/v2\/users\/1"}],"replies":[{"embeddable":true,"href":"https:\/\/www.memoiresecondaire.fr\/index.php?rest_route=%2Fwp%2Fv2%2Fcomments&post=738"}],"version-history":[{"count":4,"href":"https:\/\/www.memoiresecondaire.fr\/index.php?rest_route=\/wp\/v2\/posts\/738\/revisions"}],"predecessor-version":[{"id":747,"href":"https:\/\/www.memoiresecondaire.fr\/index.php?rest_route=\/wp\/v2\/posts\/738\/revisions\/747"}],"wp:attachment":[{"href":"https:\/\/www.memoiresecondaire.fr\/index.php?rest_route=%2Fwp%2Fv2%2Fmedia&parent=738"}],"wp:term":[{"taxonomy":"category","embeddable":true,"href":"https:\/\/www.memoiresecondaire.fr\/index.php?rest_route=%2Fwp%2Fv2%2Fcategories&post=738"},{"taxonomy":"post_tag","embeddable":true,"href":"https:\/\/www.memoiresecondaire.fr\/index.php?rest_route=%2Fwp%2Fv2%2Ftags&post=738"}],"curies":[{"name":"wp","href":"https:\/\/api.w.org\/{rel}","templated":true}]}}