{"id":994,"date":"2018-09-06T21:04:30","date_gmt":"2018-09-06T19:04:30","guid":{"rendered":"http:\/\/www.memoiresecondaire.fr\/?p=994"},"modified":"2018-09-07T04:01:53","modified_gmt":"2018-09-07T02:01:53","slug":"voyage-en-ouzbekistan-pt-3","status":"publish","type":"post","link":"https:\/\/www.memoiresecondaire.fr\/?p=994","title":{"rendered":"Voyage en Ouzb\u00e9kistan (pt. 3)"},"content":{"rendered":"\n<h3 class=\"wp-block-heading\">Khiva<\/h3>\n\n\n\n<p>Nous partons directement depuis Nukus, en voiture avec notre chauffeur, pour Khiva. Le voyage dure plusieurs heures, dans le d\u00e9sert, sur des routes pas trop mal entretenues. De mani\u00e8re amusante, on voit parfois des choses \u00e9tranges dans le d\u00e9sert. J&rsquo;ai d\u00e9j\u00e0 parl\u00e9 de l&rsquo;abribus\/autel de pri\u00e8re, mais il y en a bien d&rsquo;autres. Parfois une usine compl\u00e8tement abandonn\u00e9e au milieu de nulle part. D&rsquo;autres fois un mini-village avec un tourbillon de sable miniature qui ne semble pas g\u00eaner les enfants. Un troupeau de moutons le long de la route, surgie d&rsquo;on-ne-sait-o\u00f9, ou un vendeur de past\u00e8que, seul avec rien \u00e0 l&rsquo;horizon.<\/p>\n\n\n\n<figure class=\"wp-block-image\"><img loading=\"lazy\" decoding=\"async\" width=\"4032\" height=\"3024\" src=\"https:\/\/www.memoiresecondaire.fr\/wp-content\/uploads\/2018\/09\/180809121141.jpg\" alt=\"\" class=\"wp-image-996\" srcset=\"https:\/\/www.memoiresecondaire.fr\/wp-content\/uploads\/2018\/09\/180809121141.jpg 4032w, https:\/\/www.memoiresecondaire.fr\/wp-content\/uploads\/2018\/09\/180809121141-300x225.jpg 300w, https:\/\/www.memoiresecondaire.fr\/wp-content\/uploads\/2018\/09\/180809121141-768x576.jpg 768w, https:\/\/www.memoiresecondaire.fr\/wp-content\/uploads\/2018\/09\/180809121141-1024x768.jpg 1024w\" sizes=\"auto, (max-width: 4032px) 100vw, 4032px\" \/><figcaption>Un tourbillon de sable<\/figcaption><\/figure>\n\n\n\n<figure class=\"wp-block-image\"><img loading=\"lazy\" decoding=\"async\" width=\"5080\" height=\"2671\" src=\"https:\/\/www.memoiresecondaire.fr\/wp-content\/uploads\/2018\/09\/DSC_0323.jpg\" alt=\"\" class=\"wp-image-995\" srcset=\"https:\/\/www.memoiresecondaire.fr\/wp-content\/uploads\/2018\/09\/DSC_0323.jpg 5080w, https:\/\/www.memoiresecondaire.fr\/wp-content\/uploads\/2018\/09\/DSC_0323-300x158.jpg 300w, https:\/\/www.memoiresecondaire.fr\/wp-content\/uploads\/2018\/09\/DSC_0323-768x404.jpg 768w, https:\/\/www.memoiresecondaire.fr\/wp-content\/uploads\/2018\/09\/DSC_0323-1024x538.jpg 1024w\" sizes=\"auto, (max-width: 5080px) 100vw, 5080px\" \/><figcaption>Pas de berger ou de chien \u00e0 proximit\u00e9<\/figcaption><\/figure>\n\n\n\n<p>Nous arrivons en fin d&rsquo;apr\u00e8s-midi. L&rsquo;h\u00f4tel dispose d&rsquo;un grand hall, peu \u00e9clair\u00e9 (mais c&rsquo;est une habitude j&rsquo;ai l&rsquo;impression). Comme \u00e0 chaque fois, nous donnons nos passeports pour l&rsquo;enregistrement des touristes, puis nous nous rendons dans nos chambres. L&rsquo;h\u00f4tel a \u00e9t\u00e9 refait mais c&rsquo;est pas encore \u00e7a. C&rsquo;est \u00e7a de prendre des chambres \u00e9conomiques.<\/p>\n\n\n\n<p>Peu importe, le temps de se laver, \u00e0 l&rsquo;eau froide, nous ressortons pour visiter la ville, sans guide pour la soir\u00e9e. <\/p>\n\n\n\n<p>Khiva, en tout cas le centre derri\u00e8re les remparts, est une ville tr\u00e8s touristique. Un mus\u00e9e \u00e0 ciel ouvert, conserv\u00e9 en l&rsquo;\u00e9tat par l&rsquo;UNESCO qui finance une grosse partie des r\u00e9novations, mais pas seulement eux. Nous sommes pass\u00e9 \u00e0 c\u00f4t\u00e9 d&rsquo;un chantier financ\u00e9 par la Chine par exemple. Il y pas mal de travaux un peu partout, notamment dans les parties p\u00e9riph\u00e9riques de la ville. Les remparts ont \u00e9t\u00e9 refaits, ainsi que la plupart des habitations, tout en conservant l&rsquo;architecture d&rsquo;origine.<\/p>\n\n\n\n<p>Quatre portes percent les remparts. L&rsquo;une d&rsquo;entre elle donne sur le coin vraiment touristique, avec des boutiques de souvenirs, des mus\u00e9es, des restaurants et bien d&rsquo;autres choses. <\/p>\n\n\n\n<figure class=\"wp-block-image\"><img loading=\"lazy\" decoding=\"async\" width=\"4311\" height=\"2474\" src=\"https:\/\/www.memoiresecondaire.fr\/wp-content\/uploads\/2018\/09\/DSC02551.jpg\" alt=\"\" class=\"wp-image-999\" srcset=\"https:\/\/www.memoiresecondaire.fr\/wp-content\/uploads\/2018\/09\/DSC02551.jpg 4311w, https:\/\/www.memoiresecondaire.fr\/wp-content\/uploads\/2018\/09\/DSC02551-300x172.jpg 300w, https:\/\/www.memoiresecondaire.fr\/wp-content\/uploads\/2018\/09\/DSC02551-768x441.jpg 768w, https:\/\/www.memoiresecondaire.fr\/wp-content\/uploads\/2018\/09\/DSC02551-1024x588.jpg 1024w\" sizes=\"auto, (max-width: 4311px) 100vw, 4311px\" \/><\/figure>\n\n\n\n<figure class=\"wp-block-image\"><img loading=\"lazy\" decoding=\"async\" width=\"3561\" height=\"1790\" src=\"https:\/\/www.memoiresecondaire.fr\/wp-content\/uploads\/2018\/09\/180809144802.jpg\" alt=\"\" class=\"wp-image-997\" srcset=\"https:\/\/www.memoiresecondaire.fr\/wp-content\/uploads\/2018\/09\/180809144802.jpg 3561w, https:\/\/www.memoiresecondaire.fr\/wp-content\/uploads\/2018\/09\/180809144802-300x151.jpg 300w, https:\/\/www.memoiresecondaire.fr\/wp-content\/uploads\/2018\/09\/180809144802-768x386.jpg 768w, https:\/\/www.memoiresecondaire.fr\/wp-content\/uploads\/2018\/09\/180809144802-1024x515.jpg 1024w\" sizes=\"auto, (max-width: 3561px) 100vw, 3561px\" \/><\/figure>\n\n\n\n<p>Lorsque nous sommes arriv\u00e9s il faisait extr\u00eamement chaud et nous sommes pass\u00e9s, sans le savoir par le coin justement le moins touristique. Aucun restaurant visible, \u00e0 part un, dont la terrasse semblait particuli\u00e8rement attirante. Malheureusement, ce f\u00fbt notre deuxi\u00e8me v\u00e9ritable d\u00e9ception. Prix tr\u00e8s \u00e9lev\u00e9, nourriture indigente et indigeste, absolument pas ce \u00e0 quoi le pays m&rsquo;avait habitu\u00e9. Milena, outr\u00e9e, a \u00e9t\u00e9 exprimer son m\u00e9contentement \u00e0 l&rsquo;\u00e9quipe qui a avou\u00e9 tr\u00e8s clairement que nous \u00e9tions dans un restaurant pour touriste et que donc nous devions payer le prix fort. Mon amie a pu n\u00e9gocier une r\u00e9duction de prix mais clairement nous n&rsquo;avons plus jamais remis les pieds la-bas. <\/p>\n\n\n\n<figure class=\"wp-block-image\"><img loading=\"lazy\" decoding=\"async\" width=\"2097\" height=\"2727\" src=\"https:\/\/www.memoiresecondaire.fr\/wp-content\/uploads\/2018\/09\/DSC02498.jpg\" alt=\"\" class=\"wp-image-998\" srcset=\"https:\/\/www.memoiresecondaire.fr\/wp-content\/uploads\/2018\/09\/DSC02498.jpg 2097w, https:\/\/www.memoiresecondaire.fr\/wp-content\/uploads\/2018\/09\/DSC02498-231x300.jpg 231w, https:\/\/www.memoiresecondaire.fr\/wp-content\/uploads\/2018\/09\/DSC02498-768x999.jpg 768w, https:\/\/www.memoiresecondaire.fr\/wp-content\/uploads\/2018\/09\/DSC02498-787x1024.jpg 787w\" sizes=\"auto, (max-width: 2097px) 100vw, 2097px\" \/><figcaption>N&rsquo;y allez pas !<\/figcaption><\/figure>\n\n\n\n<p>Par contre, le reste \u00e9tait fabuleux. Un autre restaurant notamment \u00e9tait tr\u00e8s bien, tr\u00e8s bonne nourriture et prix tr\u00e8s raisonnable. Nous y sommes retourn\u00e9s souvent, et nous nous sommes faits un ami du serveur, Sardor, particuli\u00e8rement souriant et serviable. Tr\u00e8s content de voir des \u00e9trangers et une demi-ouzbek, il a \u00e9t\u00e9 tr\u00e8s gentil pendant les deux jours. <\/p>\n\n\n\n<p>L&rsquo;apr\u00e8s-midi nous avons simplement visit\u00e9 la ville tranquillement sans pression. <\/p>\n\n\n\n<ul class=\"wp-block-gallery columns-2 is-cropped wp-block-gallery-1 is-layout-flex wp-block-gallery-is-layout-flex\"><li class=\"blocks-gallery-item\"><figure><a href=\"http:\/\/www.memoiresecondaire.fr\/wp-content\/uploads\/2018\/09\/180809144857.jpg\"><img loading=\"lazy\" decoding=\"async\" width=\"4032\" height=\"3024\" src=\"http:\/\/www.memoiresecondaire.fr\/wp-content\/uploads\/2018\/09\/180809144857.jpg\" alt=\"\" data-id=\"1004\" data-link=\"http:\/\/www.memoiresecondaire.fr\/?attachment_id=1004\" class=\"wp-image-1004\" srcset=\"https:\/\/www.memoiresecondaire.fr\/wp-content\/uploads\/2018\/09\/180809144857.jpg 4032w, https:\/\/www.memoiresecondaire.fr\/wp-content\/uploads\/2018\/09\/180809144857-300x225.jpg 300w, https:\/\/www.memoiresecondaire.fr\/wp-content\/uploads\/2018\/09\/180809144857-768x576.jpg 768w, https:\/\/www.memoiresecondaire.fr\/wp-content\/uploads\/2018\/09\/180809144857-1024x768.jpg 1024w\" sizes=\"auto, (max-width: 4032px) 100vw, 4032px\" \/><\/a><\/figure><\/li><li class=\"blocks-gallery-item\"><figure><a href=\"http:\/\/www.memoiresecondaire.fr\/wp-content\/uploads\/2018\/09\/180809144850-e1536253835938.jpg\"><img loading=\"lazy\" decoding=\"async\" width=\"3024\" height=\"4032\" src=\"http:\/\/www.memoiresecondaire.fr\/wp-content\/uploads\/2018\/09\/180809144850-e1536253835938.jpg\" alt=\"\" data-id=\"1002\" data-link=\"http:\/\/www.memoiresecondaire.fr\/?attachment_id=1002\" class=\"wp-image-1002\" srcset=\"https:\/\/www.memoiresecondaire.fr\/wp-content\/uploads\/2018\/09\/180809144850-e1536253835938.jpg 3024w, https:\/\/www.memoiresecondaire.fr\/wp-content\/uploads\/2018\/09\/180809144850-e1536253835938-225x300.jpg 225w, https:\/\/www.memoiresecondaire.fr\/wp-content\/uploads\/2018\/09\/180809144850-e1536253835938-768x1024.jpg 768w\" sizes=\"auto, (max-width: 3024px) 100vw, 3024px\" \/><\/a><figcaption>Un\u00a0 four \u00e0 pain<\/figcaption><\/figure><\/li><li class=\"blocks-gallery-item\"><figure><a href=\"http:\/\/www.memoiresecondaire.fr\/wp-content\/uploads\/2018\/09\/180809201152.jpg\"><img loading=\"lazy\" decoding=\"async\" width=\"4032\" height=\"3024\" src=\"http:\/\/www.memoiresecondaire.fr\/wp-content\/uploads\/2018\/09\/180809201152.jpg\" alt=\"\" data-id=\"1031\" data-link=\"http:\/\/www.memoiresecondaire.fr\/?attachment_id=1031\" class=\"wp-image-1031\" srcset=\"https:\/\/www.memoiresecondaire.fr\/wp-content\/uploads\/2018\/09\/180809201152.jpg 4032w, https:\/\/www.memoiresecondaire.fr\/wp-content\/uploads\/2018\/09\/180809201152-300x225.jpg 300w, https:\/\/www.memoiresecondaire.fr\/wp-content\/uploads\/2018\/09\/180809201152-768x576.jpg 768w, https:\/\/www.memoiresecondaire.fr\/wp-content\/uploads\/2018\/09\/180809201152-1024x768.jpg 1024w\" sizes=\"auto, (max-width: 4032px) 100vw, 4032px\" \/><\/a><figcaption>Robert le bouc<\/figcaption><\/figure><\/li><li class=\"blocks-gallery-item\"><figure><a href=\"http:\/\/www.memoiresecondaire.fr\/wp-content\/uploads\/2018\/09\/180809144854.jpg\"><img loading=\"lazy\" decoding=\"async\" width=\"4032\" height=\"3024\" src=\"http:\/\/www.memoiresecondaire.fr\/wp-content\/uploads\/2018\/09\/180809144854.jpg\" alt=\"\" data-id=\"1005\" data-link=\"http:\/\/www.memoiresecondaire.fr\/?attachment_id=1005\" class=\"wp-image-1005\" srcset=\"https:\/\/www.memoiresecondaire.fr\/wp-content\/uploads\/2018\/09\/180809144854.jpg 4032w, https:\/\/www.memoiresecondaire.fr\/wp-content\/uploads\/2018\/09\/180809144854-300x225.jpg 300w, https:\/\/www.memoiresecondaire.fr\/wp-content\/uploads\/2018\/09\/180809144854-768x576.jpg 768w, https:\/\/www.memoiresecondaire.fr\/wp-content\/uploads\/2018\/09\/180809144854-1024x768.jpg 1024w\" sizes=\"auto, (max-width: 4032px) 100vw, 4032px\" \/><\/a><\/figure><\/li><li class=\"blocks-gallery-item\"><figure><a href=\"http:\/\/www.memoiresecondaire.fr\/wp-content\/uploads\/2018\/09\/180809145358-e1536253804184.jpg\"><img loading=\"lazy\" decoding=\"async\" width=\"3024\" height=\"4032\" src=\"http:\/\/www.memoiresecondaire.fr\/wp-content\/uploads\/2018\/09\/180809145358-e1536253804184.jpg\" alt=\"\" data-id=\"1001\" data-link=\"http:\/\/www.memoiresecondaire.fr\/?attachment_id=1001\" class=\"wp-image-1001\" srcset=\"https:\/\/www.memoiresecondaire.fr\/wp-content\/uploads\/2018\/09\/180809145358-e1536253804184.jpg 3024w, https:\/\/www.memoiresecondaire.fr\/wp-content\/uploads\/2018\/09\/180809145358-e1536253804184-225x300.jpg 225w, https:\/\/www.memoiresecondaire.fr\/wp-content\/uploads\/2018\/09\/180809145358-e1536253804184-768x1024.jpg 768w\" sizes=\"auto, (max-width: 3024px) 100vw, 3024px\" \/><\/a><\/figure><\/li><li class=\"blocks-gallery-item\"><figure><a href=\"http:\/\/www.memoiresecondaire.fr\/wp-content\/uploads\/2018\/09\/180809154922.jpg\"><img loading=\"lazy\" decoding=\"async\" width=\"4032\" height=\"3024\" src=\"http:\/\/www.memoiresecondaire.fr\/wp-content\/uploads\/2018\/09\/180809154922.jpg\" alt=\"\" data-id=\"1003\" data-link=\"http:\/\/www.memoiresecondaire.fr\/?attachment_id=1003\" class=\"wp-image-1003\" srcset=\"https:\/\/www.memoiresecondaire.fr\/wp-content\/uploads\/2018\/09\/180809154922.jpg 4032w, https:\/\/www.memoiresecondaire.fr\/wp-content\/uploads\/2018\/09\/180809154922-300x225.jpg 300w, https:\/\/www.memoiresecondaire.fr\/wp-content\/uploads\/2018\/09\/180809154922-768x576.jpg 768w, https:\/\/www.memoiresecondaire.fr\/wp-content\/uploads\/2018\/09\/180809154922-1024x768.jpg 1024w\" sizes=\"auto, (max-width: 4032px) 100vw, 4032px\" \/><\/a><\/figure><\/li><li class=\"blocks-gallery-item\"><figure><a href=\"http:\/\/www.memoiresecondaire.fr\/wp-content\/uploads\/2018\/09\/180809155731.jpg\"><img loading=\"lazy\" decoding=\"async\" width=\"4032\" height=\"3024\" src=\"http:\/\/www.memoiresecondaire.fr\/wp-content\/uploads\/2018\/09\/180809155731.jpg\" alt=\"\" data-id=\"1006\" data-link=\"http:\/\/www.memoiresecondaire.fr\/?attachment_id=1006\" class=\"wp-image-1006\" srcset=\"https:\/\/www.memoiresecondaire.fr\/wp-content\/uploads\/2018\/09\/180809155731.jpg 4032w, https:\/\/www.memoiresecondaire.fr\/wp-content\/uploads\/2018\/09\/180809155731-300x225.jpg 300w, https:\/\/www.memoiresecondaire.fr\/wp-content\/uploads\/2018\/09\/180809155731-768x576.jpg 768w, https:\/\/www.memoiresecondaire.fr\/wp-content\/uploads\/2018\/09\/180809155731-1024x768.jpg 1024w\" sizes=\"auto, (max-width: 4032px) 100vw, 4032px\" \/><\/a><figcaption>Chameau tranquille<\/figcaption><\/figure><\/li><li class=\"blocks-gallery-item\"><figure><a href=\"http:\/\/www.memoiresecondaire.fr\/wp-content\/uploads\/2018\/09\/180809155943.jpg\"><img loading=\"lazy\" decoding=\"async\" width=\"4032\" height=\"3024\" src=\"http:\/\/www.memoiresecondaire.fr\/wp-content\/uploads\/2018\/09\/180809155943.jpg\" alt=\"\" data-id=\"1009\" data-link=\"http:\/\/www.memoiresecondaire.fr\/?attachment_id=1009\" class=\"wp-image-1009\" srcset=\"https:\/\/www.memoiresecondaire.fr\/wp-content\/uploads\/2018\/09\/180809155943.jpg 4032w, https:\/\/www.memoiresecondaire.fr\/wp-content\/uploads\/2018\/09\/180809155943-300x225.jpg 300w, https:\/\/www.memoiresecondaire.fr\/wp-content\/uploads\/2018\/09\/180809155943-768x576.jpg 768w, https:\/\/www.memoiresecondaire.fr\/wp-content\/uploads\/2018\/09\/180809155943-1024x768.jpg 1024w\" sizes=\"auto, (max-width: 4032px) 100vw, 4032px\" \/><\/a><\/figure><\/li><li class=\"blocks-gallery-item\"><figure><a href=\"http:\/\/www.memoiresecondaire.fr\/wp-content\/uploads\/2018\/09\/180809160701.jpg\"><img loading=\"lazy\" decoding=\"async\" width=\"4032\" height=\"3024\" src=\"http:\/\/www.memoiresecondaire.fr\/wp-content\/uploads\/2018\/09\/180809160701.jpg\" alt=\"\" data-id=\"1007\" data-link=\"http:\/\/www.memoiresecondaire.fr\/?attachment_id=1007\" class=\"wp-image-1007\" srcset=\"https:\/\/www.memoiresecondaire.fr\/wp-content\/uploads\/2018\/09\/180809160701.jpg 4032w, https:\/\/www.memoiresecondaire.fr\/wp-content\/uploads\/2018\/09\/180809160701-300x225.jpg 300w, https:\/\/www.memoiresecondaire.fr\/wp-content\/uploads\/2018\/09\/180809160701-768x576.jpg 768w, https:\/\/www.memoiresecondaire.fr\/wp-content\/uploads\/2018\/09\/180809160701-1024x768.jpg 1024w\" sizes=\"auto, (max-width: 4032px) 100vw, 4032px\" \/><\/a><\/figure><\/li><li class=\"blocks-gallery-item\"><figure><a href=\"http:\/\/www.memoiresecondaire.fr\/wp-content\/uploads\/2018\/09\/180809201616.jpg\"><img loading=\"lazy\" decoding=\"async\" width=\"4032\" height=\"3024\" src=\"http:\/\/www.memoiresecondaire.fr\/wp-content\/uploads\/2018\/09\/180809201616.jpg\" alt=\"\" data-id=\"1000\" data-link=\"http:\/\/www.memoiresecondaire.fr\/?attachment_id=1000\" class=\"wp-image-1000\" srcset=\"https:\/\/www.memoiresecondaire.fr\/wp-content\/uploads\/2018\/09\/180809201616.jpg 4032w, https:\/\/www.memoiresecondaire.fr\/wp-content\/uploads\/2018\/09\/180809201616-300x225.jpg 300w, https:\/\/www.memoiresecondaire.fr\/wp-content\/uploads\/2018\/09\/180809201616-768x576.jpg 768w, https:\/\/www.memoiresecondaire.fr\/wp-content\/uploads\/2018\/09\/180809201616-1024x768.jpg 1024w\" sizes=\"auto, (max-width: 4032px) 100vw, 4032px\" \/><\/a><\/figure><\/li><\/ul>\n\n\n\n<p>Le soir, certains monuments s&rsquo;allument.<\/p>\n\n\n\n<figure class=\"wp-block-image\"><img loading=\"lazy\" decoding=\"async\" width=\"4032\" height=\"3024\" src=\"https:\/\/www.memoiresecondaire.fr\/wp-content\/uploads\/2018\/09\/180809230054.jpg\" alt=\"\" class=\"wp-image-1010\" srcset=\"https:\/\/www.memoiresecondaire.fr\/wp-content\/uploads\/2018\/09\/180809230054.jpg 4032w, https:\/\/www.memoiresecondaire.fr\/wp-content\/uploads\/2018\/09\/180809230054-300x225.jpg 300w, https:\/\/www.memoiresecondaire.fr\/wp-content\/uploads\/2018\/09\/180809230054-768x576.jpg 768w, https:\/\/www.memoiresecondaire.fr\/wp-content\/uploads\/2018\/09\/180809230054-1024x768.jpg 1024w\" sizes=\"auto, (max-width: 4032px) 100vw, 4032px\" \/><\/figure>\n\n\n\n<figure class=\"wp-block-image\"><img loading=\"lazy\" decoding=\"async\" width=\"4032\" height=\"3024\" src=\"https:\/\/www.memoiresecondaire.fr\/wp-content\/uploads\/2018\/09\/180809230103.jpg\" alt=\"\" class=\"wp-image-1011\" srcset=\"https:\/\/www.memoiresecondaire.fr\/wp-content\/uploads\/2018\/09\/180809230103.jpg 4032w, https:\/\/www.memoiresecondaire.fr\/wp-content\/uploads\/2018\/09\/180809230103-300x225.jpg 300w, https:\/\/www.memoiresecondaire.fr\/wp-content\/uploads\/2018\/09\/180809230103-768x576.jpg 768w, https:\/\/www.memoiresecondaire.fr\/wp-content\/uploads\/2018\/09\/180809230103-1024x768.jpg 1024w\" sizes=\"auto, (max-width: 4032px) 100vw, 4032px\" \/><\/figure>\n\n\n\n<p>Mon meilleur moment a \u00e9t\u00e9 de monter sur les remparts, la nuit, et d&rsquo;observer les \u00e9toiles. Un instant fugace mais magnifique. <\/p>\n\n\n\n<p>Le lendemain, visite de la ville d\u00e8s le matin avec notre guide francophone. Tr\u00e8s sympathique, elle nous a fait visiter une demi-douzaine de mus\u00e9es diff\u00e9rents ainsi que plusieurs mosqu\u00e9es et madrasas.<\/p>\n\n\n\n<figure class=\"wp-block-image\"><img loading=\"lazy\" decoding=\"async\" width=\"3881\" height=\"1797\" src=\"https:\/\/www.memoiresecondaire.fr\/wp-content\/uploads\/2018\/09\/180810093139.jpg\" alt=\"\" class=\"wp-image-1012\" srcset=\"https:\/\/www.memoiresecondaire.fr\/wp-content\/uploads\/2018\/09\/180810093139.jpg 3881w, https:\/\/www.memoiresecondaire.fr\/wp-content\/uploads\/2018\/09\/180810093139-300x139.jpg 300w, https:\/\/www.memoiresecondaire.fr\/wp-content\/uploads\/2018\/09\/180810093139-768x356.jpg 768w, https:\/\/www.memoiresecondaire.fr\/wp-content\/uploads\/2018\/09\/180810093139-1024x474.jpg 1024w\" sizes=\"auto, (max-width: 3881px) 100vw, 3881px\" \/><figcaption>La route de la soie !<\/figcaption><\/figure>\n\n\n\n<p>Je ne vais pas d\u00e9tailler tout, mais c&rsquo;\u00e9tait tr\u00e8s inspirant, avec beaucoup de charme.<\/p>\n\n\n\n<p>Ici, une mosqu\u00e9e restaur\u00e9e avec l&rsquo;aide de plusieurs pays et organisations, chacun offrant un nouveau pilier de bois sculpt\u00e9.<\/p>\n\n\n\n<ul class=\"wp-block-gallery columns-2 is-cropped wp-block-gallery-2 is-layout-flex wp-block-gallery-is-layout-flex\"><li class=\"blocks-gallery-item\"><figure><img loading=\"lazy\" decoding=\"async\" width=\"4032\" height=\"3024\" src=\"https:\/\/www.memoiresecondaire.fr\/wp-content\/uploads\/2018\/09\/180810123414.jpg\" alt=\"\" data-id=\"1014\" data-link=\"https:\/\/www.memoiresecondaire.fr\/?attachment_id=1014\" class=\"wp-image-1014\" srcset=\"https:\/\/www.memoiresecondaire.fr\/wp-content\/uploads\/2018\/09\/180810123414.jpg 4032w, https:\/\/www.memoiresecondaire.fr\/wp-content\/uploads\/2018\/09\/180810123414-300x225.jpg 300w, https:\/\/www.memoiresecondaire.fr\/wp-content\/uploads\/2018\/09\/180810123414-768x576.jpg 768w, https:\/\/www.memoiresecondaire.fr\/wp-content\/uploads\/2018\/09\/180810123414-1024x768.jpg 1024w\" sizes=\"auto, (max-width: 4032px) 100vw, 4032px\" \/><\/figure><\/li><li class=\"blocks-gallery-item\"><figure><img loading=\"lazy\" decoding=\"async\" width=\"4032\" height=\"3024\" src=\"https:\/\/www.memoiresecondaire.fr\/wp-content\/uploads\/2018\/09\/180810123411.jpg\" alt=\"\" data-id=\"1013\" data-link=\"https:\/\/www.memoiresecondaire.fr\/?attachment_id=1013\" class=\"wp-image-1013\" srcset=\"https:\/\/www.memoiresecondaire.fr\/wp-content\/uploads\/2018\/09\/180810123411.jpg 4032w, https:\/\/www.memoiresecondaire.fr\/wp-content\/uploads\/2018\/09\/180810123411-300x225.jpg 300w, https:\/\/www.memoiresecondaire.fr\/wp-content\/uploads\/2018\/09\/180810123411-768x576.jpg 768w, https:\/\/www.memoiresecondaire.fr\/wp-content\/uploads\/2018\/09\/180810123411-1024x768.jpg 1024w\" sizes=\"auto, (max-width: 4032px) 100vw, 4032px\" \/><\/figure><\/li><\/ul>\n\n\n\n<p>L\u00e0 un mus\u00e9e avec objets anciens, islamiques, dans une madrasa. <\/p>\n\n\n\n<ul class=\"wp-block-gallery columns-2 is-cropped wp-block-gallery-3 is-layout-flex wp-block-gallery-is-layout-flex\"><li class=\"blocks-gallery-item\"><figure><img loading=\"lazy\" decoding=\"async\" width=\"3024\" height=\"4032\" src=\"http:\/\/www.memoiresecondaire.fr\/wp-content\/uploads\/2018\/09\/180810155937-e1536258633951.jpg\" alt=\"\" data-id=\"1018\" data-link=\"http:\/\/www.memoiresecondaire.fr\/?attachment_id=1018\" class=\"wp-image-1018\" srcset=\"https:\/\/www.memoiresecondaire.fr\/wp-content\/uploads\/2018\/09\/180810155937-e1536258633951.jpg 3024w, https:\/\/www.memoiresecondaire.fr\/wp-content\/uploads\/2018\/09\/180810155937-e1536258633951-225x300.jpg 225w, https:\/\/www.memoiresecondaire.fr\/wp-content\/uploads\/2018\/09\/180810155937-e1536258633951-768x1024.jpg 768w\" sizes=\"auto, (max-width: 3024px) 100vw, 3024px\" \/><\/figure><\/li><li class=\"blocks-gallery-item\"><figure><img loading=\"lazy\" decoding=\"async\" width=\"3024\" height=\"4032\" src=\"http:\/\/www.memoiresecondaire.fr\/wp-content\/uploads\/2018\/09\/180810160312-e1536258631493.jpg\" alt=\"\" data-id=\"1016\" data-link=\"http:\/\/www.memoiresecondaire.fr\/?attachment_id=1016\" class=\"wp-image-1016\" srcset=\"https:\/\/www.memoiresecondaire.fr\/wp-content\/uploads\/2018\/09\/180810160312-e1536258631493.jpg 3024w, https:\/\/www.memoiresecondaire.fr\/wp-content\/uploads\/2018\/09\/180810160312-e1536258631493-225x300.jpg 225w, https:\/\/www.memoiresecondaire.fr\/wp-content\/uploads\/2018\/09\/180810160312-e1536258631493-768x1024.jpg 768w\" sizes=\"auto, (max-width: 3024px) 100vw, 3024px\" \/><\/figure><\/li><li class=\"blocks-gallery-item\"><figure><img loading=\"lazy\" decoding=\"async\" width=\"4032\" height=\"3024\" src=\"http:\/\/www.memoiresecondaire.fr\/wp-content\/uploads\/2018\/09\/180810160047.jpg\" alt=\"\" data-id=\"1015\" data-link=\"http:\/\/www.memoiresecondaire.fr\/?attachment_id=1015\" class=\"wp-image-1015\" srcset=\"https:\/\/www.memoiresecondaire.fr\/wp-content\/uploads\/2018\/09\/180810160047.jpg 4032w, https:\/\/www.memoiresecondaire.fr\/wp-content\/uploads\/2018\/09\/180810160047-300x225.jpg 300w, https:\/\/www.memoiresecondaire.fr\/wp-content\/uploads\/2018\/09\/180810160047-768x576.jpg 768w, https:\/\/www.memoiresecondaire.fr\/wp-content\/uploads\/2018\/09\/180810160047-1024x768.jpg 1024w\" sizes=\"auto, (max-width: 4032px) 100vw, 4032px\" \/><\/figure><\/li><li class=\"blocks-gallery-item\"><figure><img loading=\"lazy\" decoding=\"async\" width=\"4032\" height=\"3024\" src=\"http:\/\/www.memoiresecondaire.fr\/wp-content\/uploads\/2018\/09\/180810160053.jpg\" alt=\"\" data-id=\"1017\" data-link=\"http:\/\/www.memoiresecondaire.fr\/?attachment_id=1017\" class=\"wp-image-1017\" srcset=\"https:\/\/www.memoiresecondaire.fr\/wp-content\/uploads\/2018\/09\/180810160053.jpg 4032w, https:\/\/www.memoiresecondaire.fr\/wp-content\/uploads\/2018\/09\/180810160053-300x225.jpg 300w, https:\/\/www.memoiresecondaire.fr\/wp-content\/uploads\/2018\/09\/180810160053-768x576.jpg 768w, https:\/\/www.memoiresecondaire.fr\/wp-content\/uploads\/2018\/09\/180810160053-1024x768.jpg 1024w\" sizes=\"auto, (max-width: 4032px) 100vw, 4032px\" \/><\/figure><\/li><\/ul>\n\n\n\n<p>Ou encore un harem. Le roi avait droit officiellement \u00e0 quatre femmes dont une seule choisie par lui. L&rsquo;une \u00e9tait choisie par sa famille, et une autre par ses amis, et la derni\u00e8re je ne m&rsquo;en souviens plus. Les femmes habitaient d&rsquo;un c\u00f4t\u00e9 de la maison, et le harem \u00e9tait de l&rsquo;autre.<\/p>\n\n\n\n<p>Un passage secret avait \u00e9t\u00e9 am\u00e9nag\u00e9 pour que le roi puisse aller voir l&rsquo;une ou l&rsquo;autre de ses femmes sans que les autres ne le sachent, et ainsi \u00e9viter les jalousies. Le harem \u00e9tait constitu\u00e9 des filles des villages alentours, et lorsque certaines devenaient plus \u00e2g\u00e9es, elles prenaient en charge le recrutement des nouvelles. Je suis absolument certain que Netflix devrait faire une s\u00e9rie sur ce sujet. Trahison, meurtre, sexe, il y a tout ce qu&rsquo;il faut.<\/p>\n\n\n\n<ul class=\"wp-block-gallery columns-2 is-cropped wp-block-gallery-4 is-layout-flex wp-block-gallery-is-layout-flex\"><li class=\"blocks-gallery-item\"><figure><img loading=\"lazy\" decoding=\"async\" width=\"4320\" height=\"3240\" src=\"https:\/\/www.memoiresecondaire.fr\/wp-content\/uploads\/2018\/09\/DSC02605.jpg\" alt=\"\" data-id=\"1021\" data-link=\"https:\/\/www.memoiresecondaire.fr\/?attachment_id=1021\" class=\"wp-image-1021\" srcset=\"https:\/\/www.memoiresecondaire.fr\/wp-content\/uploads\/2018\/09\/DSC02605.jpg 4320w, https:\/\/www.memoiresecondaire.fr\/wp-content\/uploads\/2018\/09\/DSC02605-300x225.jpg 300w, https:\/\/www.memoiresecondaire.fr\/wp-content\/uploads\/2018\/09\/DSC02605-768x576.jpg 768w, https:\/\/www.memoiresecondaire.fr\/wp-content\/uploads\/2018\/09\/DSC02605-1024x768.jpg 1024w\" sizes=\"auto, (max-width: 4320px) 100vw, 4320px\" \/><figcaption>A gauche les officielles, \u00e0 droite les autres<\/figcaption><\/figure><\/li><li class=\"blocks-gallery-item\"><figure><img loading=\"lazy\" decoding=\"async\" width=\"4014\" height=\"2918\" src=\"https:\/\/www.memoiresecondaire.fr\/wp-content\/uploads\/2018\/09\/DSC02608.jpg\" alt=\"\" data-id=\"1022\" data-link=\"https:\/\/www.memoiresecondaire.fr\/?attachment_id=1022\" class=\"wp-image-1022\" srcset=\"https:\/\/www.memoiresecondaire.fr\/wp-content\/uploads\/2018\/09\/DSC02608.jpg 4014w, https:\/\/www.memoiresecondaire.fr\/wp-content\/uploads\/2018\/09\/DSC02608-300x218.jpg 300w, https:\/\/www.memoiresecondaire.fr\/wp-content\/uploads\/2018\/09\/DSC02608-768x558.jpg 768w, https:\/\/www.memoiresecondaire.fr\/wp-content\/uploads\/2018\/09\/DSC02608-1024x744.jpg 1024w\" sizes=\"auto, (max-width: 4014px) 100vw, 4014px\" \/><figcaption>Il se mettait bien le roi<\/figcaption><\/figure><\/li><\/ul>\n\n\n\n<p>Un chouette minaret aussi, le minaret de la mort. Du haut de cette tour, on jetait dans le vide les condamn\u00e9s. <\/p>\n\n\n\n<figure class=\"wp-block-image\"><img loading=\"lazy\" decoding=\"async\" width=\"4320\" height=\"3240\" src=\"https:\/\/www.memoiresecondaire.fr\/wp-content\/uploads\/2018\/09\/DSC02611.jpg\" alt=\"\" class=\"wp-image-1023\" srcset=\"https:\/\/www.memoiresecondaire.fr\/wp-content\/uploads\/2018\/09\/DSC02611.jpg 4320w, https:\/\/www.memoiresecondaire.fr\/wp-content\/uploads\/2018\/09\/DSC02611-300x225.jpg 300w, https:\/\/www.memoiresecondaire.fr\/wp-content\/uploads\/2018\/09\/DSC02611-768x576.jpg 768w, https:\/\/www.memoiresecondaire.fr\/wp-content\/uploads\/2018\/09\/DSC02611-1024x768.jpg 1024w\" sizes=\"auto, (max-width: 4320px) 100vw, 4320px\" \/><figcaption>Rien \u00e0 compenser ?<\/figcaption><\/figure>\n\n\n\n<p>Une reconstitution d&rsquo;un atelier de fabrication de monnaie. Ici, contrairement \u00e0 la tradition, ils avaient une barbe tr\u00e8s courte, ou parfois pas de barbe du tout, car on pouvait y cacher des mati\u00e8res pr\u00e9cieuses. <\/p>\n\n\n\n<p>On fabriquait aussi des billets sur du tissu ou du papier de soie.<\/p>\n\n\n\n<ul class=\"wp-block-gallery columns-2 is-cropped wp-block-gallery-5 is-layout-flex wp-block-gallery-is-layout-flex\"><li class=\"blocks-gallery-item\"><figure><img loading=\"lazy\" decoding=\"async\" width=\"4032\" height=\"3024\" src=\"http:\/\/www.memoiresecondaire.fr\/wp-content\/uploads\/2018\/09\/180810103652.jpg\" alt=\"\" data-id=\"1024\" data-link=\"http:\/\/www.memoiresecondaire.fr\/?attachment_id=1024\" class=\"wp-image-1024\" srcset=\"https:\/\/www.memoiresecondaire.fr\/wp-content\/uploads\/2018\/09\/180810103652.jpg 4032w, https:\/\/www.memoiresecondaire.fr\/wp-content\/uploads\/2018\/09\/180810103652-300x225.jpg 300w, https:\/\/www.memoiresecondaire.fr\/wp-content\/uploads\/2018\/09\/180810103652-768x576.jpg 768w, https:\/\/www.memoiresecondaire.fr\/wp-content\/uploads\/2018\/09\/180810103652-1024x768.jpg 1024w\" sizes=\"auto, (max-width: 4032px) 100vw, 4032px\" \/><\/figure><\/li><li class=\"blocks-gallery-item\"><figure><img loading=\"lazy\" decoding=\"async\" width=\"1536\" height=\"2560\" src=\"http:\/\/www.memoiresecondaire.fr\/wp-content\/uploads\/2018\/09\/20180810_110616-e1536259601947.jpg\" alt=\"\" data-id=\"1025\" data-link=\"http:\/\/www.memoiresecondaire.fr\/?attachment_id=1025\" class=\"wp-image-1025\" srcset=\"https:\/\/www.memoiresecondaire.fr\/wp-content\/uploads\/2018\/09\/20180810_110616-e1536259601947.jpg 1536w, https:\/\/www.memoiresecondaire.fr\/wp-content\/uploads\/2018\/09\/20180810_110616-e1536259601947-180x300.jpg 180w, https:\/\/www.memoiresecondaire.fr\/wp-content\/uploads\/2018\/09\/20180810_110616-e1536259601947-768x1280.jpg 768w, https:\/\/www.memoiresecondaire.fr\/wp-content\/uploads\/2018\/09\/20180810_110616-e1536259601947-614x1024.jpg 614w\" sizes=\"auto, (max-width: 1536px) 100vw, 1536px\" \/><\/figure><\/li><\/ul>\n\n\n\n<p>Il y avait trop de choses pour que je mettes tout, donc je vais terminer Khiva avec quelques photos sans rapport. La premi\u00e8re d&rsquo;une guerri\u00e8re qui m&rsquo;a tout l&rsquo;air d&rsquo;\u00eatre la Wonder Woman de l&rsquo;\u00e9poque. J&rsquo;aime bien. J&rsquo;avoue.<\/p>\n\n\n\n<div class=\"wp-block-image\"><figure class=\"aligncenter is-resized\"><img loading=\"lazy\" decoding=\"async\" src=\"https:\/\/www.memoiresecondaire.fr\/wp-content\/uploads\/2018\/09\/DSC02582.jpg\" alt=\"\" class=\"wp-image-1026\" width=\"248\" height=\"325\" srcset=\"https:\/\/www.memoiresecondaire.fr\/wp-content\/uploads\/2018\/09\/DSC02582.jpg 2808w, https:\/\/www.memoiresecondaire.fr\/wp-content\/uploads\/2018\/09\/DSC02582-229x300.jpg 229w, https:\/\/www.memoiresecondaire.fr\/wp-content\/uploads\/2018\/09\/DSC02582-768x1006.jpg 768w, https:\/\/www.memoiresecondaire.fr\/wp-content\/uploads\/2018\/09\/DSC02582-781x1024.jpg 781w\" sizes=\"auto, (max-width: 248px) 100vw, 248px\" \/><\/figure><\/div>\n\n\n\n<p>Et les toits de la ville, vus depuis le plus haut mirador (mais on a pas eu droit au dernier \u00e9tage pour cause de travaux).<br\/><\/p>\n\n\n\n<ul class=\"wp-block-gallery columns-2 is-cropped wp-block-gallery-6 is-layout-flex wp-block-gallery-is-layout-flex\"><li class=\"blocks-gallery-item\"><figure><img loading=\"lazy\" decoding=\"async\" width=\"4320\" height=\"3240\" src=\"https:\/\/www.memoiresecondaire.fr\/wp-content\/uploads\/2018\/09\/DSC02594.jpg\" alt=\"\" data-id=\"1027\" class=\"wp-image-1027\" srcset=\"https:\/\/www.memoiresecondaire.fr\/wp-content\/uploads\/2018\/09\/DSC02594.jpg 4320w, https:\/\/www.memoiresecondaire.fr\/wp-content\/uploads\/2018\/09\/DSC02594-300x225.jpg 300w, https:\/\/www.memoiresecondaire.fr\/wp-content\/uploads\/2018\/09\/DSC02594-768x576.jpg 768w, https:\/\/www.memoiresecondaire.fr\/wp-content\/uploads\/2018\/09\/DSC02594-1024x768.jpg 1024w\" sizes=\"auto, (max-width: 4320px) 100vw, 4320px\" \/><\/figure><\/li><li class=\"blocks-gallery-item\"><figure><img loading=\"lazy\" decoding=\"async\" width=\"2560\" height=\"1536\" src=\"https:\/\/www.memoiresecondaire.fr\/wp-content\/uploads\/2018\/09\/20180810_112629.jpg\" alt=\"\" data-id=\"1028\" data-link=\"https:\/\/www.memoiresecondaire.fr\/?attachment_id=1028\" class=\"wp-image-1028\" srcset=\"https:\/\/www.memoiresecondaire.fr\/wp-content\/uploads\/2018\/09\/20180810_112629.jpg 2560w, https:\/\/www.memoiresecondaire.fr\/wp-content\/uploads\/2018\/09\/20180810_112629-300x180.jpg 300w, https:\/\/www.memoiresecondaire.fr\/wp-content\/uploads\/2018\/09\/20180810_112629-768x461.jpg 768w, https:\/\/www.memoiresecondaire.fr\/wp-content\/uploads\/2018\/09\/20180810_112629-1024x614.jpg 1024w\" sizes=\"auto, (max-width: 2560px) 100vw, 2560px\" \/><\/figure><\/li><\/ul>\n\n\n\n<p>Apr\u00e8s ces deux jours intenses, nous repartons, direction Bukhara !<\/p>\n\n\n\n<p>Cet article est d\u00e9di\u00e9 \u00e0 notre ami Sardor \ud83d\ude42<\/p>\n\n\n\n<div class=\"wp-block-image\"><figure class=\"aligncenter is-resized\"><img loading=\"lazy\" decoding=\"async\" src=\"https:\/\/www.memoiresecondaire.fr\/wp-content\/uploads\/2018\/09\/20180810_233940.jpg\" alt=\"\" class=\"wp-image-1029\" width=\"122\" height=\"164\" srcset=\"https:\/\/www.memoiresecondaire.fr\/wp-content\/uploads\/2018\/09\/20180810_233940.jpg 496w, https:\/\/www.memoiresecondaire.fr\/wp-content\/uploads\/2018\/09\/20180810_233940-224x300.jpg 224w\" sizes=\"auto, (max-width: 122px) 100vw, 122px\" \/><\/figure><\/div>\n","protected":false},"excerpt":{"rendered":"<p>Khiva Nous partons directement depuis Nukus, en voiture avec notre chauffeur, pour Khiva. Le voyage dure plusieurs heures, dans le d\u00e9sert, sur des routes pas trop mal entretenues. De mani\u00e8re amusante, on voit parfois des choses \u00e9tranges dans le d\u00e9sert. J&rsquo;ai d\u00e9j\u00e0 parl\u00e9 de l&rsquo;abribus\/autel de pri\u00e8re, mais il y en a bien d&rsquo;autres. Parfois [&hellip;]<\/p>\n","protected":false},"author":1,"featured_media":0,"comment_status":"open","ping_status":"open","sticky":false,"template":"","format":"standard","meta":{"footnotes":""},"categories":[53],"tags":[],"class_list":["post-994","post","type-post","status-publish","format-standard","hentry","category-egotrip"],"_links":{"self":[{"href":"https:\/\/www.memoiresecondaire.fr\/index.php?rest_route=\/wp\/v2\/posts\/994","targetHints":{"allow":["GET"]}}],"collection":[{"href":"https:\/\/www.memoiresecondaire.fr\/index.php?rest_route=\/wp\/v2\/posts"}],"about":[{"href":"https:\/\/www.memoiresecondaire.fr\/index.php?rest_route=\/wp\/v2\/types\/post"}],"author":[{"embeddable":true,"href":"https:\/\/www.memoiresecondaire.fr\/index.php?rest_route=\/wp\/v2\/users\/1"}],"replies":[{"embeddable":true,"href":"https:\/\/www.memoiresecondaire.fr\/index.php?rest_route=%2Fwp%2Fv2%2Fcomments&post=994"}],"version-history":[{"count":7,"href":"https:\/\/www.memoiresecondaire.fr\/index.php?rest_route=\/wp\/v2\/posts\/994\/revisions"}],"predecessor-version":[{"id":1036,"href":"https:\/\/www.memoiresecondaire.fr\/index.php?rest_route=\/wp\/v2\/posts\/994\/revisions\/1036"}],"wp:attachment":[{"href":"https:\/\/www.memoiresecondaire.fr\/index.php?rest_route=%2Fwp%2Fv2%2Fmedia&parent=994"}],"wp:term":[{"taxonomy":"category","embeddable":true,"href":"https:\/\/www.memoiresecondaire.fr\/index.php?rest_route=%2Fwp%2Fv2%2Fcategories&post=994"},{"taxonomy":"post_tag","embeddable":true,"href":"https:\/\/www.memoiresecondaire.fr\/index.php?rest_route=%2Fwp%2Fv2%2Ftags&post=994"}],"curies":[{"name":"wp","href":"https:\/\/api.w.org\/{rel}","templated":true}]}}